{"id":102663,"date":"2022-03-30T18:17:33","date_gmt":"2022-03-30T16:17:33","guid":{"rendered":"https:\/\/www.messinaoggi.it\/website\/2022\/03\/30\/covid-in-sicilia-contagi-e-ricoveri-in-calo-nellultima-settimana\/"},"modified":"2022-03-30T18:17:33","modified_gmt":"2022-03-30T16:17:33","slug":"covid-in-sicilia-contagi-e-ricoveri-in-calo-nellultima-settimana","status":"publish","type":"post","link":"https:\/\/www.messinaoggi.it\/website\/2022\/03\/30\/covid-in-sicilia-contagi-e-ricoveri-in-calo-nellultima-settimana\/","title":{"rendered":"Covid, in Sicilia contagi e ricoveri in calo nell\u2019ultima settimana"},"content":{"rendered":"<div>\n<p>PALERMO (ITALPRESS) \u2013 In Sicilia, nella settimana dal 21 al 27 marzo si \u00e8 registrato un lieve decremento delle infezioni da Covid. L\u2019incidenza di nuovi positivi \u00e8 pari a 44.072 (-10.63%), con un valore cumulativo di 911.76\/100.000 abitanti. Il tasso di nuovi positivi pi\u00f9 elevato rispetto alla media regionale si \u00e8 avuto nelle province di Messina (1468\/100.000), Agrigento (1098\/100.000), Ragusa (977\/100.000) e Palermo (975\/100.000). Le fasce d\u2019et\u00e0 maggiormente a rischio risultano quelle tra gli 11 ed i 13 anni, (1505\/100.000 abitanti), i 6 ed i 10 anni (1501\/100.000) e tra i 14 ed i 18 anni (1213\/100.000). Prosegue il netto trend in calo di nuove ospedalizzazioni e la proporzione di casi ospedalizzati \u00e8 molto pi\u00f9 contenuta rispetto ai periodi precedenti, in parte spiegata dal riscontro occasionale di positivit\u00e0 concomitante al ricovero. E\u2019 quanto emerge dal bollettino del dipartimento Asoe.<br \/>\nI dati relativi alla campagna vaccinale riguardano la settimana dal 23 al 29 marzo. Nella fascia d\u2019et\u00e0 5-11 anni, i vaccinati con almeno una dose si attestano al 28,07% del target regionale, mentre 75.286 bambini, pari al 23,91%, risultano con ciclo primario completato. Nel target over 12, i vaccinati con almeno una dose si attestano all\u201989,91%. La percentuale di quanti hanno completato il ciclo primario \u00e8 dell\u201988,58%. Attualmente 849.862 cittadini che possono effettuare la somministrazione booster non l\u2019hanno ancora fatta. Complessivamente i vaccinati con dose aggiuntiva sono 2.662.122 pari al 75,80% degli aventi diritto.<br \/>\nDal primo marzo sono state effettuate 1.229 somministrazioni di quarta dose agli over 12 con marcata compromissione della risposta immunitaria e che hanno gi\u00e0 completato il ciclo primario con tre dosi da almeno 120 giorni. Sempre dal primo marzo, sono state 1.575 le somministrazioni effettuate con il vaccino Nuvaxovid (Novavax).<br \/>\n(ITALPRESS).<div id=\"div-gpt-ad-Messinaoggi.it-DSK-300x250-corpoart\" style=\"text-align:center;margin:0 auto;\"><\/div><\/p>\n<\/div>\n<div id=\"videoincontent\" style=\"clear:both\";><\/div>","protected":false},"excerpt":{"rendered":"<p>PALERMO (ITALPRESS) \u2013 In Sicilia, nella settimana dal 21 al 27 marzo si \u00e8 registrato un lieve decremento delle infezioni da Covid. L\u2019incidenza di nuovi positivi \u00e8 pari a 44.072 (-10.63%), con un valore cumulativo di 911.76\/100.000 abitanti. Il tasso di nuovi positivi pi\u00f9 elevato rispetto alla media regionale si \u00e8 avuto nelle province di [&hellip;]<\/p>\n","protected":false},"author":18,"featured_media":102664,"comment_status":"closed","ping_status":"closed","sticky":false,"template":"","format":"standard","meta":{"ub_ctt_via":"","_mi_skip_tracking":false},"categories":[2449],"tags":[783],"featured_image_src":"https:\/\/www.messinaoggi.it\/website\/wp-content\/uploads\/2022\/03\/20220330_1908.jpg","author_info":{"display_name":"Admin","author_link":"https:\/\/www.messinaoggi.it\/website\/author\/admin\/"},"digistream_id":0,"digistream":false,"_links":{"self":[{"href":"https:\/\/www.messinaoggi.it\/website\/wp-json\/wp\/v2\/posts\/102663"}],"collection":[{"href":"https:\/\/www.messinaoggi.it\/website\/wp-json\/wp\/v2\/posts"}],"about":[{"href":"https:\/\/www.messinaoggi.it\/website\/wp-json\/wp\/v2\/types\/post"}],"author":[{"embeddable":true,"href":"https:\/\/www.messinaoggi.it\/website\/wp-json\/wp\/v2\/users\/18"}],"replies":[{"embeddable":true,"href":"https:\/\/www.messinaoggi.it\/website\/wp-json\/wp\/v2\/comments?post=102663"}],"version-history":[{"count":0,"href":"https:\/\/www.messinaoggi.it\/website\/wp-json\/wp\/v2\/posts\/102663\/revisions"}],"wp:featuredmedia":[{"embeddable":true,"href":"https:\/\/www.messinaoggi.it\/website\/wp-json\/wp\/v2\/media\/102664"}],"wp:attachment":[{"href":"https:\/\/www.messinaoggi.it\/website\/wp-json\/wp\/v2\/media?parent=102663"}],"wp:term":[{"taxonomy":"category","embeddable":true,"href":"https:\/\/www.messinaoggi.it\/website\/wp-json\/wp\/v2\/categories?post=102663"},{"taxonomy":"post_tag","embeddable":true,"href":"https:\/\/www.messinaoggi.it\/website\/wp-json\/wp\/v2\/tags?post=102663"}],"curies":[{"name":"wp","href":"https:\/\/api.w.org\/{rel}","templated":true}]}}