{"id":102647,"date":"2022-03-30T16:07:35","date_gmt":"2022-03-30T14:07:35","guid":{"rendered":"https:\/\/www.messinaoggi.it\/website\/2022\/03\/30\/la-federcanottaggio-punta-su-piediluco-da-aprile-a-giugno-4-eventi\/"},"modified":"2022-03-30T16:07:35","modified_gmt":"2022-03-30T14:07:35","slug":"la-federcanottaggio-punta-su-piediluco-da-aprile-a-giugno-4-eventi","status":"publish","type":"post","link":"https:\/\/www.messinaoggi.it\/website\/2022\/03\/30\/la-federcanottaggio-punta-su-piediluco-da-aprile-a-giugno-4-eventi\/","title":{"rendered":"La Federcanottaggio punta su Piediluco, da aprile a giugno 4 eventi"},"content":{"rendered":"<div>TERNI (ITALPRESS) &#8211; Torna il grande canottaggio sul lago di Piediluco. La Federazione Italiana Canottaggio ha presentato quattro eventi in programma da aprile a giugno che si svolgeranno sul bacino lacustre ternano. Si tratta di due meeting nazionali ai quali parteciperanno i migliori atleti azzurri, il Campionato Italiano Under 23 e la 36esima edizione del Memorial Paolo d&#8217;Aloja. Quest&#8217;anno la gara internazionale vedr\u00e0 la continuazione del training camp, ovvero del supporto che la Federazione fornisce alla Federazione Internazionale per lo sviluppo del canottaggio nei paesi in via di sviluppo. La novit\u00e0 di quest&#8217;anno &#8220;riguarda il consistente gruppo di atleti ucraini che ospiteremo a nostre spese &#8211; afferma il presidente della Federazione Italiana Canottaggio, Giuseppe Abbagnale &#8211; e faremo partecipare alla gara internazionale del d&#8217;Aloja, quindi li accompagneremo in un percorso di preparazione fisica e tecnica sperando possano restare in Italia fino all&#8217;Europeo Junior e magari anche al Mondiale Assoluto della categoria&#8221;. Il programma dei quattro eventi \u00e8 stato presentato a Terni nella sede della Fondazione Cassa di Risparmio Terni e Narni (Carit) da sempre vicina alla Federcanottaggio. E da quest&#8217;anno per la prima volta la FIC ha deciso di abbinare il nome della Fondazione Carit al Campionato Italiano Under23. &#8220;Lo abbiamo scoperto in sede di conferenza stampa e la cosa ci ha fatto molto piacere &#8211; afferma Luigi Carlini, presidente della Fondazione Carit &#8211; \u00e8 un dono che ci ha fatto il presidente Abbagnale, non richiesto, che per\u00f2 dimostra una cosa: il grande spirito di collaborazione che si \u00e8 instaurato, a livello umano e istituzionale tra la Federazione Italiana Canottaggio e la nostra Fondazione&#8221;. Intanto il lago di Piediluco e l&#8217;intero territorio ternano si preparano ad ospitare grandi eventi come confermato dall&#8217;assessore regionale alle infrastrutture dell&#8217;Umbria Enrico Melasecche: &#8220;Abbiamo terminato la Terni-Rieti, lo svincolo di Labro e quello di Piediluco. Adesso i romani potranno venire a Piediluco pi\u00f9 facilmente e in tempi decisamente pi\u00f9 rapidi&#8221;.<br \/>(ITALPRESS).<\/div>\n<div id=\"div-gpt-ad-Messinaoggi.it-DSK-300x250-corpoart\" style=\"text-align:center;margin:0 auto;\"><\/div><\/p><div id=\"videoincontent\" style=\"clear:both\";><\/div>","protected":false},"excerpt":{"rendered":"<p>TERNI (ITALPRESS) &#8211; Torna il grande canottaggio sul lago di Piediluco. La Federazione Italiana Canottaggio ha presentato quattro eventi in programma da aprile a giugno che si svolgeranno sul bacino lacustre ternano. Si tratta di due meeting nazionali ai quali parteciperanno i migliori atleti azzurri, il Campionato Italiano Under 23 e la 36esima edizione del [&hellip;]<\/p>\n","protected":false},"author":18,"featured_media":102648,"comment_status":"closed","ping_status":"closed","sticky":false,"template":"","format":"standard","meta":{"ub_ctt_via":"","_mi_skip_tracking":false},"categories":[446],"tags":[783],"featured_image_src":"https:\/\/www.messinaoggi.it\/website\/wp-content\/uploads\/2022\/03\/20220330_1209.jpg","author_info":{"display_name":"Admin","author_link":"https:\/\/www.messinaoggi.it\/website\/author\/admin\/"},"digistream_id":0,"digistream":false,"_links":{"self":[{"href":"https:\/\/www.messinaoggi.it\/website\/wp-json\/wp\/v2\/posts\/102647"}],"collection":[{"href":"https:\/\/www.messinaoggi.it\/website\/wp-json\/wp\/v2\/posts"}],"about":[{"href":"https:\/\/www.messinaoggi.it\/website\/wp-json\/wp\/v2\/types\/post"}],"author":[{"embeddable":true,"href":"https:\/\/www.messinaoggi.it\/website\/wp-json\/wp\/v2\/users\/18"}],"replies":[{"embeddable":true,"href":"https:\/\/www.messinaoggi.it\/website\/wp-json\/wp\/v2\/comments?post=102647"}],"version-history":[{"count":0,"href":"https:\/\/www.messinaoggi.it\/website\/wp-json\/wp\/v2\/posts\/102647\/revisions"}],"wp:featuredmedia":[{"embeddable":true,"href":"https:\/\/www.messinaoggi.it\/website\/wp-json\/wp\/v2\/media\/102648"}],"wp:attachment":[{"href":"https:\/\/www.messinaoggi.it\/website\/wp-json\/wp\/v2\/media?parent=102647"}],"wp:term":[{"taxonomy":"category","embeddable":true,"href":"https:\/\/www.messinaoggi.it\/website\/wp-json\/wp\/v2\/categories?post=102647"},{"taxonomy":"post_tag","embeddable":true,"href":"https:\/\/www.messinaoggi.it\/website\/wp-json\/wp\/v2\/tags?post=102647"}],"curies":[{"name":"wp","href":"https:\/\/api.w.org\/{rel}","templated":true}]}}