{"id":102641,"date":"2022-03-30T15:27:27","date_gmt":"2022-03-30T13:27:27","guid":{"rendered":"http:\/\/www.messinaoggi.it\/website\/?p=102641"},"modified":"2022-03-30T15:27:28","modified_gmt":"2022-03-30T13:27:28","slug":"germana-ci-sono-ma-cerco-condivisione","status":"publish","type":"post","link":"https:\/\/www.messinaoggi.it\/website\/2022\/03\/30\/germana-ci-sono-ma-cerco-condivisione\/","title":{"rendered":"German\u00e0: \u201cCi sono ma cerco condivisione\u201d"},"content":{"rendered":"\n<p>\u201cHo gi\u00e0 annunciato che sono pronto a scegliere Messina e rinunciare al Parlamento. Non ho mai nascosto la mia forte volont\u00e0, mossa da amore e passione per la nostra citt\u00e0, che mi ha portato ad offrire agli alleati e ai messinesi la disponibilit\u00e0 a valutare la mia candidatura a Sindaco. Ci\u00f2 premesso, so che ci sono altre proposte, che rispetto.<br>Chiedo per\u00f2 che la scelta sia condivisa da tutti, senza fughe in avanti che non fanno bene all\u2019immagine del centrodestra: io non ne ho fatte, n\u00e8 ho fatto fare forzature in questo senso, per rispetto della coalizione e per il grande peso di responsabilit\u00e0 che sento. Chiedo lo stesso agli altri: la priorit\u00e0 \u00e8 l\u2019unit\u00e0 del centrodestra. Insieme dobbiamo dare a Messina una nuova amministrazione\u201d. Lo dichiara l\u2019On. Nino German\u00e0<div id=\"div-gpt-ad-Messinaoggi.it-DSK-300x250-corpoart\" style=\"text-align:center;margin:0 auto;\"><\/div><\/p>\n<div id=\"videoincontent\" style=\"clear:both\";><\/div>","protected":false},"excerpt":{"rendered":"<p>\u201cHo gi\u00e0 annunciato che sono pronto a scegliere Messina e rinunciare al Parlamento. Non ho mai nascosto la mia forte volont\u00e0, mossa da amore e passione per la nostra citt\u00e0, che mi ha portato ad offrire agli alleati e ai messinesi la disponibilit\u00e0 a valutare la mia candidatura a Sindaco. Ci\u00f2 premesso, so che ci [&hellip;]<\/p>\n","protected":false},"author":2,"featured_media":61090,"comment_status":"open","ping_status":"open","sticky":false,"template":"","format":"standard","meta":{"ub_ctt_via":"","_mi_skip_tracking":false},"categories":[19],"tags":[4012,4240,1082],"featured_image_src":"https:\/\/www.messinaoggi.it\/website\/wp-content\/uploads\/2021\/04\/3022851C-A5E9-4B3C-A4C6-AD49F43EBEBC.jpeg","author_info":{"display_name":"Redazione","author_link":"https:\/\/www.messinaoggi.it\/website\/author\/redazione\/"},"digistream_id":0,"digistream":false,"_links":{"self":[{"href":"https:\/\/www.messinaoggi.it\/website\/wp-json\/wp\/v2\/posts\/102641"}],"collection":[{"href":"https:\/\/www.messinaoggi.it\/website\/wp-json\/wp\/v2\/posts"}],"about":[{"href":"https:\/\/www.messinaoggi.it\/website\/wp-json\/wp\/v2\/types\/post"}],"author":[{"embeddable":true,"href":"https:\/\/www.messinaoggi.it\/website\/wp-json\/wp\/v2\/users\/2"}],"replies":[{"embeddable":true,"href":"https:\/\/www.messinaoggi.it\/website\/wp-json\/wp\/v2\/comments?post=102641"}],"version-history":[{"count":1,"href":"https:\/\/www.messinaoggi.it\/website\/wp-json\/wp\/v2\/posts\/102641\/revisions"}],"predecessor-version":[{"id":102642,"href":"https:\/\/www.messinaoggi.it\/website\/wp-json\/wp\/v2\/posts\/102641\/revisions\/102642"}],"wp:featuredmedia":[{"embeddable":true,"href":"https:\/\/www.messinaoggi.it\/website\/wp-json\/wp\/v2\/media\/61090"}],"wp:attachment":[{"href":"https:\/\/www.messinaoggi.it\/website\/wp-json\/wp\/v2\/media?parent=102641"}],"wp:term":[{"taxonomy":"category","embeddable":true,"href":"https:\/\/www.messinaoggi.it\/website\/wp-json\/wp\/v2\/categories?post=102641"},{"taxonomy":"post_tag","embeddable":true,"href":"https:\/\/www.messinaoggi.it\/website\/wp-json\/wp\/v2\/tags?post=102641"}],"curies":[{"name":"wp","href":"https:\/\/api.w.org\/{rel}","templated":true}]}}