{"id":1026,"date":"2017-05-30T21:55:40","date_gmt":"2017-05-30T19:55:40","guid":{"rendered":"http:\/\/www.messinaoggi.it\/website\/?p=1026"},"modified":"2017-05-30T21:55:40","modified_gmt":"2017-05-30T19:55:40","slug":"sterrantino-messina-umiliata-per-colpa-di-accorinti","status":"publish","type":"post","link":"https:\/\/www.messinaoggi.it\/website\/2017\/05\/30\/sterrantino-messina-umiliata-per-colpa-di-accorinti\/","title":{"rendered":"Sterrantino: Messina umiliata per colpa di Accorinti"},"content":{"rendered":"<p>La coordinatrice cittadina di Scuola Politica, Chiara Sterrantino, giudica indecente l&#8217;atteggiamento del sindaco di Messina in occasione del G7. &#8220;Accorinti ha fatto e ci ha fatto fare l&#8217;ennesima figuraccia, stavolta al G7: Messina \u00e8 stata umiliata in ruolo e immagine a livello planetario. Siamo al ridicolo: il sindaco dice ai Grandi del mondo cosa fare &#8211; questo il senso del &#8220;no war&#8221; a Trump &#8211; quando lui \u00e8 incapace di tenere pulita la citt\u00e0. Noi diciamo invece No trash! E lo diciamo anche all&#8217;assessore Ialacqua che invece di andare, pure a nome nostro, al corteo degli antagonisti di Giardini-Naxos avrebbe fatto meglio a marciare contro se stesso e la giunta di cui fa parte, incapace di togliere i rifiuti dalle strade. Non c&#8217;\u00e8 bisogno di spendere molte parole, basta una sola: Accorinti \u00e8 sindaco perch\u00e9 il Consiglio ha voluto che restasse, non votando la mozione di sfiducia. Di tutti gli episodi di malgoverno e di queste brutte figure che si riversano sulla citt\u00e0, \u00e8 responsabile lui, ma insieme a lui i consiglieri comunali che lo hanno lasciato al suo posto, non votando la mozione. Manca solo un anno alle amministrative: i cittadini non perdano memoria di quanto accade; non rieleggano n\u00e9 lui, n\u00e9 i Consiglieri suoi complici: noi ci vergogniamo di entrambi&#8221;.<div id=\"div-gpt-ad-Messinaoggi.it-DSK-300x250-corpoart\" style=\"text-align:center;margin:0 auto;\"><\/div><\/p>\n<div id=\"videoincontent\" style=\"clear:both\";><\/div>","protected":false},"excerpt":{"rendered":"<p>La coordinatrice cittadina di Scuola Politica, Chiara Sterrantino, giudica indecente l&#8217;atteggiamento del sindaco di Messina in occasione del G7. &#8220;Accorinti ha fatto e ci ha fatto fare l&#8217;ennesima figuraccia, stavolta al G7: Messina \u00e8 stata umiliata in ruolo e immagine a livello planetario. Siamo al ridicolo: il sindaco dice ai Grandi del mondo cosa fare [&hellip;]<\/p>\n","protected":false},"author":2,"featured_media":1027,"comment_status":"closed","ping_status":"open","sticky":false,"template":"","format":"standard","meta":{"ub_ctt_via":"","_mi_skip_tracking":false},"categories":[4],"tags":[],"featured_image_src":"https:\/\/www.messinaoggi.it\/website\/wp-content\/uploads\/2017\/05\/Sterrantino-Chiara-1-2.jpg","author_info":{"display_name":"Redazione","author_link":"https:\/\/www.messinaoggi.it\/website\/author\/redazione\/"},"digistream_id":0,"digistream":false,"_links":{"self":[{"href":"https:\/\/www.messinaoggi.it\/website\/wp-json\/wp\/v2\/posts\/1026"}],"collection":[{"href":"https:\/\/www.messinaoggi.it\/website\/wp-json\/wp\/v2\/posts"}],"about":[{"href":"https:\/\/www.messinaoggi.it\/website\/wp-json\/wp\/v2\/types\/post"}],"author":[{"embeddable":true,"href":"https:\/\/www.messinaoggi.it\/website\/wp-json\/wp\/v2\/users\/2"}],"replies":[{"embeddable":true,"href":"https:\/\/www.messinaoggi.it\/website\/wp-json\/wp\/v2\/comments?post=1026"}],"version-history":[{"count":0,"href":"https:\/\/www.messinaoggi.it\/website\/wp-json\/wp\/v2\/posts\/1026\/revisions"}],"wp:featuredmedia":[{"embeddable":true,"href":"https:\/\/www.messinaoggi.it\/website\/wp-json\/wp\/v2\/media\/1027"}],"wp:attachment":[{"href":"https:\/\/www.messinaoggi.it\/website\/wp-json\/wp\/v2\/media?parent=1026"}],"wp:term":[{"taxonomy":"category","embeddable":true,"href":"https:\/\/www.messinaoggi.it\/website\/wp-json\/wp\/v2\/categories?post=1026"},{"taxonomy":"post_tag","embeddable":true,"href":"https:\/\/www.messinaoggi.it\/website\/wp-json\/wp\/v2\/tags?post=1026"}],"curies":[{"name":"wp","href":"https:\/\/api.w.org\/{rel}","templated":true}]}}