{"id":102596,"date":"2022-03-30T12:07:32","date_gmt":"2022-03-30T10:07:32","guid":{"rendered":"https:\/\/www.messinaoggi.it\/website\/2022\/03\/30\/e-morta-la-primogenita-di-de-gasperi-il-cordoglio-di-mattarella\/"},"modified":"2022-03-30T12:07:32","modified_gmt":"2022-03-30T10:07:32","slug":"e-morta-la-primogenita-di-de-gasperi-il-cordoglio-di-mattarella","status":"publish","type":"post","link":"https:\/\/www.messinaoggi.it\/website\/2022\/03\/30\/e-morta-la-primogenita-di-de-gasperi-il-cordoglio-di-mattarella\/","title":{"rendered":"E\u2019 morta la primogenita di De Gasperi, il cordoglio di Mattarella"},"content":{"rendered":"<div>ROMA (ITALPRESS) &#8211; E&#8217; morta all&#8217;et\u00e0 di 99 anni Maria Romana De Gasperi, figlia primogenita di Alcide. Era nata a Trento il 19 marzo 1923.<br \/>Ha sempre vissuto a Roma. Durante l&#8217;occupazione tedesca della capitale fu staffetta partigiana e aiut\u00f2 il padre a mantenere i contatti con gli antifascisti. Dopo la fine della seconda guerra mondiale, quando De Gasperi divenne presidente del Consiglio, Maria Romana fu sua segretaria. Nel 1947 accompagn\u00f2 il padre nel viaggio negli Stati Uniti.<br \/>Dopo la morte del padre inizi\u00f2 a curare le sue memorie e a scrivere saggi sulla sua figura, rilasciando negli anni numerose interviste. Nel 1982 cre\u00f2 la Fondazione De Gasperi, di cui \u00e8 stata presidente onoraria fino alla morte.<br \/>Il presidente della Repubblica, Sergio Mattarella, profondamente commosso dalla scomparsa di Maria Romana De Gasperi, ha inviato ai familiari un messaggio nel quale ne ricorda &#8220;l&#8217;affettuosa e attiva vicinanza all&#8217;opera di Alcide De Gasperi in momenti cruciali della storia della Repubblica e il costante e prezioso impegno per conservarne e diffonderne la memoria&#8221;.<br \/>(ITALPRESS).<\/div>\n<div id=\"div-gpt-ad-Messinaoggi.it-DSK-300x250-corpoart\" style=\"text-align:center;margin:0 auto;\"><\/div><\/p><div id=\"videoincontent\" style=\"clear:both\";><\/div>","protected":false},"excerpt":{"rendered":"<p>ROMA (ITALPRESS) &#8211; E&#8217; morta all&#8217;et\u00e0 di 99 anni Maria Romana De Gasperi, figlia primogenita di Alcide. Era nata a Trento il 19 marzo 1923.Ha sempre vissuto a Roma. Durante l&#8217;occupazione tedesca della capitale fu staffetta partigiana e aiut\u00f2 il padre a mantenere i contatti con gli antifascisti. Dopo la fine della seconda guerra mondiale, [&hellip;]<\/p>\n","protected":false},"author":18,"featured_media":102597,"comment_status":"closed","ping_status":"closed","sticky":false,"template":"","format":"standard","meta":{"ub_ctt_via":"","_mi_skip_tracking":false},"categories":[446],"tags":[783],"featured_image_src":"https:\/\/www.messinaoggi.it\/website\/wp-content\/uploads\/2022\/03\/20220330_0294-300x208-1.jpg","author_info":{"display_name":"Admin","author_link":"https:\/\/www.messinaoggi.it\/website\/author\/admin\/"},"digistream_id":0,"digistream":false,"_links":{"self":[{"href":"https:\/\/www.messinaoggi.it\/website\/wp-json\/wp\/v2\/posts\/102596"}],"collection":[{"href":"https:\/\/www.messinaoggi.it\/website\/wp-json\/wp\/v2\/posts"}],"about":[{"href":"https:\/\/www.messinaoggi.it\/website\/wp-json\/wp\/v2\/types\/post"}],"author":[{"embeddable":true,"href":"https:\/\/www.messinaoggi.it\/website\/wp-json\/wp\/v2\/users\/18"}],"replies":[{"embeddable":true,"href":"https:\/\/www.messinaoggi.it\/website\/wp-json\/wp\/v2\/comments?post=102596"}],"version-history":[{"count":0,"href":"https:\/\/www.messinaoggi.it\/website\/wp-json\/wp\/v2\/posts\/102596\/revisions"}],"wp:featuredmedia":[{"embeddable":true,"href":"https:\/\/www.messinaoggi.it\/website\/wp-json\/wp\/v2\/media\/102597"}],"wp:attachment":[{"href":"https:\/\/www.messinaoggi.it\/website\/wp-json\/wp\/v2\/media?parent=102596"}],"wp:term":[{"taxonomy":"category","embeddable":true,"href":"https:\/\/www.messinaoggi.it\/website\/wp-json\/wp\/v2\/categories?post=102596"},{"taxonomy":"post_tag","embeddable":true,"href":"https:\/\/www.messinaoggi.it\/website\/wp-json\/wp\/v2\/tags?post=102596"}],"curies":[{"name":"wp","href":"https:\/\/api.w.org\/{rel}","templated":true}]}}