{"id":102586,"date":"2022-03-30T11:43:46","date_gmt":"2022-03-30T09:43:46","guid":{"rendered":"http:\/\/www.messinaoggi.it\/website\/?p=102586"},"modified":"2022-03-30T15:16:05","modified_gmt":"2022-03-30T13:16:05","slug":"grave-incidente-donna-trasportata-in-elisoccorso","status":"publish","type":"post","link":"https:\/\/www.messinaoggi.it\/website\/2022\/03\/30\/grave-incidente-donna-trasportata-in-elisoccorso\/","title":{"rendered":"Grave incidente, donna trasportata in elisoccorso"},"content":{"rendered":"\n<p>Grave incidente questa mattina a Sinagra, dove una donna alla guida della sua auto \u00e8 andata a sbattere sul laterale della rotabile.<div id=\"div-gpt-ad-Messinaoggi.it-DSK-300x250-corpoart\" style=\"text-align:center;margin:0 auto;\"><\/div><\/p>\n\n\n\n<p>La dinamica dell&#8217;incidente \u00e8 ancora in fase di accertamento, ma si ritiene che la donna, a causa del manto stradale scivoloso per via della pioggia, abbia perso il controllo del mezzo.<div id=\"videoincontent\" style=\"clear:both\";><\/div><\/p>\n\n\n\n<p>La donna pare abbia riportato un trauma cranico ed \u00e8 stata trasportata in elisoccorso all&#8217;ospedale pi\u00f9 vicino. Nonostante la gravit\u00e0 delle sue condizioni, non pare che sia in pericolo di vita.<\/p>\n","protected":false},"excerpt":{"rendered":"<p>Grave incidente questa mattina a Sinagra, dove una donna alla guida della sua auto \u00e8 andata a sbattere sul laterale della rotabile. La dinamica dell&#8217;incidente \u00e8 ancora in fase di accertamento, ma si ritiene che la donna, a causa del manto stradale scivoloso per via della pioggia, abbia perso il controllo del mezzo. La donna [&hellip;]<\/p>\n","protected":false},"author":8,"featured_media":26012,"comment_status":"open","ping_status":"open","sticky":false,"template":"","format":"standard","meta":{"ub_ctt_via":"","_mi_skip_tracking":false},"categories":[19,6],"tags":[74,3116],"featured_image_src":"https:\/\/www.messinaoggi.it\/website\/wp-content\/uploads\/2018\/10\/elisoccorso-118.jpg","author_info":{"display_name":"red..me","author_link":"https:\/\/www.messinaoggi.it\/website\/author\/redstage\/"},"digistream_id":0,"digistream":false,"_links":{"self":[{"href":"https:\/\/www.messinaoggi.it\/website\/wp-json\/wp\/v2\/posts\/102586"}],"collection":[{"href":"https:\/\/www.messinaoggi.it\/website\/wp-json\/wp\/v2\/posts"}],"about":[{"href":"https:\/\/www.messinaoggi.it\/website\/wp-json\/wp\/v2\/types\/post"}],"author":[{"embeddable":true,"href":"https:\/\/www.messinaoggi.it\/website\/wp-json\/wp\/v2\/users\/8"}],"replies":[{"embeddable":true,"href":"https:\/\/www.messinaoggi.it\/website\/wp-json\/wp\/v2\/comments?post=102586"}],"version-history":[{"count":1,"href":"https:\/\/www.messinaoggi.it\/website\/wp-json\/wp\/v2\/posts\/102586\/revisions"}],"predecessor-version":[{"id":102587,"href":"https:\/\/www.messinaoggi.it\/website\/wp-json\/wp\/v2\/posts\/102586\/revisions\/102587"}],"wp:featuredmedia":[{"embeddable":true,"href":"https:\/\/www.messinaoggi.it\/website\/wp-json\/wp\/v2\/media\/26012"}],"wp:attachment":[{"href":"https:\/\/www.messinaoggi.it\/website\/wp-json\/wp\/v2\/media?parent=102586"}],"wp:term":[{"taxonomy":"category","embeddable":true,"href":"https:\/\/www.messinaoggi.it\/website\/wp-json\/wp\/v2\/categories?post=102586"},{"taxonomy":"post_tag","embeddable":true,"href":"https:\/\/www.messinaoggi.it\/website\/wp-json\/wp\/v2\/tags?post=102586"}],"curies":[{"name":"wp","href":"https:\/\/api.w.org\/{rel}","templated":true}]}}