{"id":10258,"date":"2017-10-24T12:46:39","date_gmt":"2017-10-24T10:46:39","guid":{"rendered":"http:\/\/www.messinaoggi.it\/website\/?p=10258"},"modified":"2017-10-24T12:46:39","modified_gmt":"2017-10-24T10:46:39","slug":"storace-nel-messinese-a-sostegno-di-davide-paratore","status":"publish","type":"post","link":"https:\/\/www.messinaoggi.it\/website\/2017\/10\/24\/storace-nel-messinese-a-sostegno-di-davide-paratore\/","title":{"rendered":"Storace nel Messinese a sostegno di Davide Paratore"},"content":{"rendered":"<p>L&#8217;ex ministro Francesco Storace, presidente del Movimento Sovranit\u00e0 Nazionale, sar\u00e0 nel Messinese il prossimo fine settimana a sostegno della candidatura di Davide Paratore, in lizza con la lista &#8220;Diventer\u00e0 Bellissima&#8221;.<br \/>\nStorace ha in programma un incontro pubblico ad Antillo, dove Davide Paratore \u00e8 sindaco. Nel corso della mattinata, l&#8217;ex ministro parteciper\u00e0 alla presentazione del libro di Davide Gambale &#8220;I Nemici del Cavaliere&#8221;, cui ha collaboratore Diego Celi.<br \/>\nDavide Paratore nella sua competizione elettorale potr\u00e0 contare sui voti degli ex An e, in modo particolare, della componente Nania. C&#8217;\u00e8, infatti, grande mobilitazione a sostegno di Paratore nel Barcellonese, ma anche nella citt\u00e0 capoluogo dove si sta muovendo in maniera capillare l&#8217;ex assessore Silvano Arbuse.<br \/>\nNon sono stati ancora resi noti i dettagli del programma, ma non \u00e8 escluso che Storace possa fare anche una capatina nel capoluogo.<div id=\"div-gpt-ad-Messinaoggi.it-DSK-300x250-corpoart\" style=\"text-align:center;margin:0 auto;\"><\/div><\/p>\n<div id=\"videoincontent\" style=\"clear:both\";><\/div>","protected":false},"excerpt":{"rendered":"<p>L&#8217;ex ministro Francesco Storace, presidente del Movimento Sovranit\u00e0 Nazionale, sar\u00e0 nel Messinese il prossimo fine settimana a sostegno della candidatura di Davide Paratore, in lizza con la lista &#8220;Diventer\u00e0 Bellissima&#8221;. Storace ha in programma un incontro pubblico ad Antillo, dove Davide Paratore \u00e8 sindaco. Nel corso della mattinata, l&#8217;ex ministro parteciper\u00e0 alla presentazione del libro [&hellip;]<\/p>\n","protected":false},"author":2,"featured_media":1968,"comment_status":"closed","ping_status":"open","sticky":false,"template":"","format":"standard","meta":{"ub_ctt_via":"","_mi_skip_tracking":false},"categories":[4],"tags":[],"featured_image_src":"https:\/\/www.messinaoggi.it\/website\/wp-content\/uploads\/2017\/06\/Francesco-Storace-2.jpg","author_info":{"display_name":"Redazione","author_link":"https:\/\/www.messinaoggi.it\/website\/author\/redazione\/"},"digistream_id":0,"digistream":false,"_links":{"self":[{"href":"https:\/\/www.messinaoggi.it\/website\/wp-json\/wp\/v2\/posts\/10258"}],"collection":[{"href":"https:\/\/www.messinaoggi.it\/website\/wp-json\/wp\/v2\/posts"}],"about":[{"href":"https:\/\/www.messinaoggi.it\/website\/wp-json\/wp\/v2\/types\/post"}],"author":[{"embeddable":true,"href":"https:\/\/www.messinaoggi.it\/website\/wp-json\/wp\/v2\/users\/2"}],"replies":[{"embeddable":true,"href":"https:\/\/www.messinaoggi.it\/website\/wp-json\/wp\/v2\/comments?post=10258"}],"version-history":[{"count":0,"href":"https:\/\/www.messinaoggi.it\/website\/wp-json\/wp\/v2\/posts\/10258\/revisions"}],"wp:featuredmedia":[{"embeddable":true,"href":"https:\/\/www.messinaoggi.it\/website\/wp-json\/wp\/v2\/media\/1968"}],"wp:attachment":[{"href":"https:\/\/www.messinaoggi.it\/website\/wp-json\/wp\/v2\/media?parent=10258"}],"wp:term":[{"taxonomy":"category","embeddable":true,"href":"https:\/\/www.messinaoggi.it\/website\/wp-json\/wp\/v2\/categories?post=10258"},{"taxonomy":"post_tag","embeddable":true,"href":"https:\/\/www.messinaoggi.it\/website\/wp-json\/wp\/v2\/tags?post=10258"}],"curies":[{"name":"wp","href":"https:\/\/api.w.org\/{rel}","templated":true}]}}