{"id":10257,"date":"2017-10-24T12:36:13","date_gmt":"2017-10-24T10:36:13","guid":{"rendered":"http:\/\/www.messinaoggi.it\/website\/?p=10257"},"modified":"2017-10-24T12:36:13","modified_gmt":"2017-10-24T10:36:13","slug":"alessandro-la-cava-aderisce-a-sicilia-futura","status":"publish","type":"post","link":"https:\/\/www.messinaoggi.it\/website\/2017\/10\/24\/alessandro-la-cava-aderisce-a-sicilia-futura\/","title":{"rendered":"Alessandro La Cava aderisce a &quot;Sicilia Futura&quot;"},"content":{"rendered":"<div dir=\"auto\">Il consigliere comunale<strong> Alessandro La Cava<\/strong> lascia il gruppo misto e aderisce a Sicilia Futura.<\/div>\n<div dir=\"auto\"><\/div>\n<div dir=\"auto\">&#8220;<em>Offro un impegno chiaro e senza compromessi all&#8217;interno di un movimento che trova nel suo leader, il messinese Beppe Picciolo, le ragioni prime della &#8220;politica del fare&#8221;.\u00a0\u00a0<\/em><\/div>\n<div dir=\"auto\"><em>Essenziale e concreto il consigliere comunali Alessandro La Cava &#8211; nel corso della presentazione per spiegare l&#8217;adesione al gruppo dei democratici riformisti &#8211; ha esposto con esempi chiari i motivi che lo hanno spinto ad abbracciare la seriet\u00e0 del progetto di Sicilia Futura, &#8220;al fianco di coloro che hanno dimostrato con fatti tangibili, privi di fronzoli, di volere cambiare i termini della discussione politica messinese, mettendo i cittadini al centro dei propri interess<\/em>i&#8221;<\/div>\n<div dir=\"auto\"><\/div>\n<div dir=\"auto\"><em>&#8220;Lo sguardo \u2013 ha proseguito La Cava &#8211; nonostante ci troviamo in piena campagna elettorale regionale in favore dell&#8217;on. Picciolo, \u00e8 gi\u00e0 rivolto alle elezioni ammnistrative del 2018 e la stella polare che guider\u00e0 la selezione di una nuova classe dirigente non potr\u00e0 prescindere dalla professionalit\u00e0, dalla competenza e dalla capacit\u00e0 di essere veramente al servizio del cittadino&#8221;\u00a0<\/em><\/div>\n<div dir=\"auto\"><em>Il capogruppo all&#8217;Ars di Sicilia Futura Beppe Picciolo ha quindi annunciato la nascita dei dipartimenti per valorizzare le competenze di coloro che hanno scelto di aderire ad un movimento che viaggia al fianco del Partito Democratico nazionale e vuole tornare a fare politica vera sul territorio.\u00a0<\/em><\/div>\n<div dir=\"auto\"><em>Da qui la necessit\u00e0 di una Segreteria politica funzionale e funzionante, gestita con massimo impegno da quei giovani (ben rappresentati al tavolo da Nicola Maddocco, segretario provinciale del movimento giovanile) che hanno deciso di investire il proprio futuro in una terra difficile e problematica ma che non si rassegnano e vogliono ancora scommettersi in prima persona.\u00a0\u00a0<\/em><\/div>\n<div dir=\"auto\"><em>&#8220;Con l&#8217;adesione di Alessandro La Cava \u2013 ha concluso Picciolo \u2013 Sicilia Futura cresce in citt\u00e0 ma \u00e8 soprattutto l&#8217;apporto d&#8217;idee, competenze ed entusiasmo che ci spingono ad essere fiduciosi e credere in una Messina che pu\u00f2 cambiare da s\u00e9 il proprio futuro<\/em>&#8220;.<\/div>\n<div id=\"div-gpt-ad-Messinaoggi.it-DSK-300x250-corpoart\" style=\"text-align:center;margin:0 auto;\"><\/div><\/p><div id=\"videoincontent\" style=\"clear:both\";><\/div>","protected":false},"excerpt":{"rendered":"<p>Il consigliere comunale Alessandro La Cava lascia il gruppo misto e aderisce a Sicilia Futura. &#8220;Offro un impegno chiaro e senza compromessi all&#8217;interno di un movimento che trova nel suo leader, il messinese Beppe Picciolo, le ragioni prime della &#8220;politica del fare&#8221;.\u00a0\u00a0 Essenziale e concreto il consigliere comunali Alessandro La Cava &#8211; nel corso della [&hellip;]<\/p>\n","protected":false},"author":2,"featured_media":9154,"comment_status":"closed","ping_status":"open","sticky":false,"template":"","format":"standard","meta":{"ub_ctt_via":"","_mi_skip_tracking":false},"categories":[4],"tags":[],"featured_image_src":"https:\/\/www.messinaoggi.it\/website\/wp-content\/uploads\/2017\/10\/alessandro-la-cavaRRP_9328.jpg","author_info":{"display_name":"Redazione","author_link":"https:\/\/www.messinaoggi.it\/website\/author\/redazione\/"},"digistream_id":0,"digistream":false,"_links":{"self":[{"href":"https:\/\/www.messinaoggi.it\/website\/wp-json\/wp\/v2\/posts\/10257"}],"collection":[{"href":"https:\/\/www.messinaoggi.it\/website\/wp-json\/wp\/v2\/posts"}],"about":[{"href":"https:\/\/www.messinaoggi.it\/website\/wp-json\/wp\/v2\/types\/post"}],"author":[{"embeddable":true,"href":"https:\/\/www.messinaoggi.it\/website\/wp-json\/wp\/v2\/users\/2"}],"replies":[{"embeddable":true,"href":"https:\/\/www.messinaoggi.it\/website\/wp-json\/wp\/v2\/comments?post=10257"}],"version-history":[{"count":0,"href":"https:\/\/www.messinaoggi.it\/website\/wp-json\/wp\/v2\/posts\/10257\/revisions"}],"wp:featuredmedia":[{"embeddable":true,"href":"https:\/\/www.messinaoggi.it\/website\/wp-json\/wp\/v2\/media\/9154"}],"wp:attachment":[{"href":"https:\/\/www.messinaoggi.it\/website\/wp-json\/wp\/v2\/media?parent=10257"}],"wp:term":[{"taxonomy":"category","embeddable":true,"href":"https:\/\/www.messinaoggi.it\/website\/wp-json\/wp\/v2\/categories?post=10257"},{"taxonomy":"post_tag","embeddable":true,"href":"https:\/\/www.messinaoggi.it\/website\/wp-json\/wp\/v2\/tags?post=10257"}],"curies":[{"name":"wp","href":"https:\/\/api.w.org\/{rel}","templated":true}]}}