{"id":102568,"date":"2022-03-30T10:11:56","date_gmt":"2022-03-30T08:11:56","guid":{"rendered":"http:\/\/www.messinaoggi.it\/website\/?p=102568"},"modified":"2022-03-30T10:34:42","modified_gmt":"2022-03-30T08:34:42","slug":"raffineria-milazzo-lallarme-di-alcuni-consiglieri-sfiaccolamenti-sempre-piu-frequenti-urge-intervenire","status":"publish","type":"post","link":"https:\/\/www.messinaoggi.it\/website\/2022\/03\/30\/raffineria-milazzo-lallarme-di-alcuni-consiglieri-sfiaccolamenti-sempre-piu-frequenti-urge-intervenire\/","title":{"rendered":"Raffineria, allarme di alcuni consiglieri: &#8220;Sfiaccolamenti sempre pi\u00f9 frequenti&#8221;"},"content":{"rendered":"\n<p>Lo \u201csfiaccolamento\u201d della torcia che si \u00e8 verificato nei giorni scorsi alla Raffineria di Milazzo \u2013 dovuto alla fermata generale degli impianti a seguito di un guasto \u2013 ha destato preoccupazioni tra i residenti della zona. Al riguardo, Angela Musumeci Bianchetti e Caterina Rizzo, rispettivamente consigliere comunali di Pace del Mela e Monforte S. Giorgio, hanno affermato di aver ricevuto decine di telefonate da parte di cittadini allarmati.<div id=\"div-gpt-ad-Messinaoggi.it-DSK-300x250-corpoart\" style=\"text-align:center;margin:0 auto;\"><\/div><\/p>\n\n\n\n<p><strong>\u201cNessuna comunicazione dalle istituzioni\u201d.<\/strong> \u201cUn tamtam fra i cittadini per avere informazioni sull\u2019accaduto all\u2019interno dell\u2019industria vista l\u2019assenza di qualsiasi tipo di comunicazione da parte dell\u2019azienda e dalle istituzioni come, ad esempio, i comuni di Milazzo e San Filippo del Mela. \u2013 si legge in una nota delle due consigliere comunali \u2013 \u00c8 davvero spiacevole assistere all\u2019assenza di alcune istituzioni locali che dovrebbero essere in prima linea insieme ai cittadini ed alle associazioni, ma per fortuna nella Valle del Mela esistono amministrazioni attente ai temi ambientali. Ad esempio, i comuni di Pace del Mela, Monforte San Giorgio e Santa Lucia del Mela, su diverse questioni che riguardano la tutela della salute pubblica, hanno introdotto azioni concrete nell\u2019esclusivo interesse del territorio e dei cittadini.<div id=\"videoincontent\" style=\"clear:both\";><\/div><\/p>\n\n\n\n<p><strong>\u201cSfiaccolamenti sempre pi\u00f9 frequenti, urge intervenire\u201d.<\/strong> \u201cNel 2022, con i potenti mezzi di comunicazione anche digitali, \u00e8 molto facile far veicolare una comunicazione ai cittadini, ma invece il silenzio assoluto e la popolazione era in bal\u00eca dello sconcerto. Non accettiamo giustificazioni che quello che si \u00e8 verificato \u00e8 un normale evento, ordinaria amministrazione di un\u2019industria. Negli ultimi mesi, gli sfiaccolamenti si sono verificati con una maggiore frequenza rispetto agli anni passati. Tali problemi devono essere assolutamente risolti con estrema urgenza in quanto hanno un impatto negativo sulla qualit\u00e0 della vita dei cittadini della Valle del Mela che meritano il massimo rispetto\u201d.<\/p>\n","protected":false},"excerpt":{"rendered":"<p>Lo \u201csfiaccolamento\u201d della torcia che si \u00e8 verificato nei giorni scorsi alla Raffineria di Milazzo \u2013 dovuto alla fermata generale degli impianti a seguito di un guasto \u2013 ha destato preoccupazioni tra i residenti della zona. Al riguardo, Angela Musumeci Bianchetti e Caterina Rizzo, rispettivamente consigliere comunali di Pace del Mela e Monforte S. Giorgio, [&hellip;]<\/p>\n","protected":false},"author":8,"featured_media":23490,"comment_status":"open","ping_status":"open","sticky":false,"template":"","format":"standard","meta":{"ub_ctt_via":"","_mi_skip_tracking":false},"categories":[13,14],"tags":[4235,4236,4234],"featured_image_src":"https:\/\/www.messinaoggi.it\/website\/wp-content\/uploads\/2018\/08\/raffineria-milazzo-1.jpg","author_info":{"display_name":"red..me","author_link":"https:\/\/www.messinaoggi.it\/website\/author\/redstage\/"},"digistream_id":0,"digistream":false,"_links":{"self":[{"href":"https:\/\/www.messinaoggi.it\/website\/wp-json\/wp\/v2\/posts\/102568"}],"collection":[{"href":"https:\/\/www.messinaoggi.it\/website\/wp-json\/wp\/v2\/posts"}],"about":[{"href":"https:\/\/www.messinaoggi.it\/website\/wp-json\/wp\/v2\/types\/post"}],"author":[{"embeddable":true,"href":"https:\/\/www.messinaoggi.it\/website\/wp-json\/wp\/v2\/users\/8"}],"replies":[{"embeddable":true,"href":"https:\/\/www.messinaoggi.it\/website\/wp-json\/wp\/v2\/comments?post=102568"}],"version-history":[{"count":2,"href":"https:\/\/www.messinaoggi.it\/website\/wp-json\/wp\/v2\/posts\/102568\/revisions"}],"predecessor-version":[{"id":102577,"href":"https:\/\/www.messinaoggi.it\/website\/wp-json\/wp\/v2\/posts\/102568\/revisions\/102577"}],"wp:featuredmedia":[{"embeddable":true,"href":"https:\/\/www.messinaoggi.it\/website\/wp-json\/wp\/v2\/media\/23490"}],"wp:attachment":[{"href":"https:\/\/www.messinaoggi.it\/website\/wp-json\/wp\/v2\/media?parent=102568"}],"wp:term":[{"taxonomy":"category","embeddable":true,"href":"https:\/\/www.messinaoggi.it\/website\/wp-json\/wp\/v2\/categories?post=102568"},{"taxonomy":"post_tag","embeddable":true,"href":"https:\/\/www.messinaoggi.it\/website\/wp-json\/wp\/v2\/tags?post=102568"}],"curies":[{"name":"wp","href":"https:\/\/api.w.org\/{rel}","templated":true}]}}