{"id":102515,"date":"2022-03-29T18:55:17","date_gmt":"2022-03-29T16:55:17","guid":{"rendered":"http:\/\/www.messinaoggi.it\/website\/?p=102515"},"modified":"2022-03-29T22:02:32","modified_gmt":"2022-03-29T20:02:32","slug":"centrodestra-in-frantumi-non-ce-accordo","status":"publish","type":"post","link":"https:\/\/www.messinaoggi.it\/website\/2022\/03\/29\/centrodestra-in-frantumi-non-ce-accordo\/","title":{"rendered":"Centrodestra in frantumi: non c&#8217;\u00e8 accordo"},"content":{"rendered":"\n<p>Il clich\u00e9 \u00e8 lo stesso di Palermo, dove non c&#8217;\u00e8 accordo e c&#8217;\u00e8 il rischio che ci siano pi\u00f9 candidati della stessa coalizione. A Messina lo strappo si \u00e8 formalizzato oggi, ancor prima del vertice in programma domani a Roma fra i leader della coalizione.<div id=\"div-gpt-ad-Messinaoggi.it-DSK-300x250-corpoart\" style=\"text-align:center;margin:0 auto;\"><\/div><\/p>\n\n\n\n<p>Oggi \u00e8 trapelata la notizia della chiusura sul nome di Maurizio Croce, nome venuto fuori al termine di un incontro al quale non hanno partecipato n\u00e9 Lega n\u00e9 Fratelli d&#8217;Italia. Ovviamente aumentano le distanze fra gli schieramenti opposti e non \u00e8 escluso che si vada alla candidatura multipla o all&#8217;appoggio esterno a Franco De Domenico del centrosinistra. Un candidato che pu\u00f2 raccogliere trasversalmente.<div id=\"videoincontent\" style=\"clear:both\";><\/div><\/p>\n\n\n\n<p>Di certo c&#8217;\u00e8 solo che i blocchi di partenza della competizione elettorale si stanno formando con Basile (Sicilia Vera), De Francesco (centrosinistra) e Croce (centrodestra meno Lega e Fdi). Se nessuno retrocede allora c&#8217;\u00e8 da aspettarsi una candidatura del duo Lega-Fdi con German\u00e0 e Buzzanca tornato in pista.<\/p>\n\n\n\n<p><strong>Il comunicato del centrodestra<\/strong><\/p>\n\n\n\n<p>E&#8217; Maurizio Croce il candidato sindaco di Messina scelto dalla maggioranza delle forze politiche del centrodestra a Messina. Gli esponenti di Forza Italia, Ora Sicilia, Sicilia Futura, Udc, Democrazia Cristiana e Democrazia Liberale, dopo una lunga interlocuzione scandita da varie riunioni che si sono susseguite nelle scorse settimane, oggi si sono nuovamente riuniti per ultimare il percorso d\u2019individuazione del profilo su cui puntare per la guida di una proposta politico-amministrativa consona al blasone e al potenziale della citt\u00e0 di Messina: \u00abRiteniamo \u2013 hanno dichiarato a margine dell\u2019incontro i rappresentanti delle forze politiche sopracitate \u2013 che sia arrivato il momento di archiviare la lunga e necessaria fase di riflessione che ha contraddistinto gli ultimi 20 giorni, durante i quali tutte le forze del centrodestra hanno avviato un confronto serio tra tutte le \u201canime\u201d della coalizione, spinte dalla comune volont\u00e0 di intraprendere un percorso condiviso con l\u2019obiettivo di avviare una nuova era politico-amministrativa che possa garantire il rilancio della citt\u00e0 di Messina. In questa prospettiva, pur considerando indiscutibilmente valide le ipotesi di candidature alternative emerse durante la fase di confronto, siamo convinti che sia arrivato il momento di assumere una scelta responsabile per superare uno stato di inerzia che, dal nostro punto di vista, si \u00e8 protratto ben oltre quanto fosse auspicabile attendersi. In questo scenario, spinti dalla volont\u00e0 di raggiungere gli obiettivi sopraesposti, riteniamo che Maurizio Croce rappresenti, grazie alla sua decennale esperienza maturata nel campo della pubblica amministrazione, al pragmatismo, alla competenza e alla seriet\u00e0 che lo caratterizzano, il profilo pi\u00f9 adatto a guidare un percorso programmatico che potr\u00e0 avere un grande impatto sul futuro della citt\u00e0. In tal senso, considerando imprescindibili la tenuta e l\u2019unit\u00e0 della coalizione, auspichiamo che nel pi\u00f9 breve tempo possibile si possa chiudere il cerchio attorno al nome di Maurizio Croce attraverso la convergenza anche delle forze politiche di centrodestra ancora impegnate nella fase di riflessione\u00bb.<\/p>\n","protected":false},"excerpt":{"rendered":"<p>Il clich\u00e9 \u00e8 lo stesso di Palermo, dove non c&#8217;\u00e8 accordo e c&#8217;\u00e8 il rischio che ci siano pi\u00f9 candidati della stessa coalizione. A Messina lo strappo si \u00e8 formalizzato oggi, ancor prima del vertice in programma domani a Roma fra i leader della coalizione. Oggi \u00e8 trapelata la notizia della chiusura sul nome di [&hellip;]<\/p>\n","protected":false},"author":2,"featured_media":33613,"comment_status":"open","ping_status":"open","sticky":false,"template":"","format":"standard","meta":{"ub_ctt_via":"","_mi_skip_tracking":false},"categories":[4],"tags":[2426,3070,4233,3617,1082],"featured_image_src":"https:\/\/www.messinaoggi.it\/website\/wp-content\/uploads\/2019\/06\/8D23C2E4-DE30-44F1-B1FE-05C48E9F7F14.jpeg","author_info":{"display_name":"Redazione","author_link":"https:\/\/www.messinaoggi.it\/website\/author\/redazione\/"},"digistream_id":0,"digistream":false,"_links":{"self":[{"href":"https:\/\/www.messinaoggi.it\/website\/wp-json\/wp\/v2\/posts\/102515"}],"collection":[{"href":"https:\/\/www.messinaoggi.it\/website\/wp-json\/wp\/v2\/posts"}],"about":[{"href":"https:\/\/www.messinaoggi.it\/website\/wp-json\/wp\/v2\/types\/post"}],"author":[{"embeddable":true,"href":"https:\/\/www.messinaoggi.it\/website\/wp-json\/wp\/v2\/users\/2"}],"replies":[{"embeddable":true,"href":"https:\/\/www.messinaoggi.it\/website\/wp-json\/wp\/v2\/comments?post=102515"}],"version-history":[{"count":2,"href":"https:\/\/www.messinaoggi.it\/website\/wp-json\/wp\/v2\/posts\/102515\/revisions"}],"predecessor-version":[{"id":102519,"href":"https:\/\/www.messinaoggi.it\/website\/wp-json\/wp\/v2\/posts\/102515\/revisions\/102519"}],"wp:featuredmedia":[{"embeddable":true,"href":"https:\/\/www.messinaoggi.it\/website\/wp-json\/wp\/v2\/media\/33613"}],"wp:attachment":[{"href":"https:\/\/www.messinaoggi.it\/website\/wp-json\/wp\/v2\/media?parent=102515"}],"wp:term":[{"taxonomy":"category","embeddable":true,"href":"https:\/\/www.messinaoggi.it\/website\/wp-json\/wp\/v2\/categories?post=102515"},{"taxonomy":"post_tag","embeddable":true,"href":"https:\/\/www.messinaoggi.it\/website\/wp-json\/wp\/v2\/tags?post=102515"}],"curies":[{"name":"wp","href":"https:\/\/api.w.org\/{rel}","templated":true}]}}