{"id":102402,"date":"2022-03-29T10:48:47","date_gmt":"2022-03-29T08:48:47","guid":{"rendered":"http:\/\/www.messinaoggi.it\/website\/?p=102402"},"modified":"2022-03-29T10:50:50","modified_gmt":"2022-03-29T08:50:50","slug":"polemica-salvini-baglieri-prima-litalia-non-basta-negare-il-problema-i-dirigenti-siciliani-sono-spesso-risultati-inadeguati","status":"publish","type":"post","link":"https:\/\/www.messinaoggi.it\/website\/2022\/03\/29\/polemica-salvini-baglieri-prima-litalia-non-basta-negare-il-problema-i-dirigenti-siciliani-sono-spesso-risultati-inadeguati\/","title":{"rendered":"Polemica Salvini-Baglieri, Prima l\u2019Italia: \u201cNon basta negare il problema, i dirigenti siciliani sono spesso risultati inadeguati\u201d"},"content":{"rendered":"\n<p>A distanza di giorni prosegue il battibecco tra governo regionale ed esponenti vicini al leader della Lega Matteo Salvini. Lo scorso fine settimana Salvini, durante un incontro sui fondi europei per il Mezzogiorno, ha criticato la classe dirigente siciliana, accusandola di non essere capace di gestire l\u2019emergenza acqua e rifiuti che perennemente interessa la Sicilia. &#8220;Non \u00e8 possibile che io stesso venga chiamato da amministratori locali, cittadini e imprenditori per le perenni emergenze di rifiuti e acqua. \u2013 ha affermato Salvini \u2013 Non \u00e8 possibile che in una terra straordinaria, produttiva, propositiva, la patria dell&#8217;autonomia e il centro del Mediterraneo non riesca, per l&#8217;incapacit\u00e0 della sua classe dirigente, di risolvere emergenze come quelle che riguardano acqua e rifiuti&#8221;. \u00a0<div id=\"div-gpt-ad-Messinaoggi.it-DSK-300x250-corpoart\" style=\"text-align:center;margin:0 auto;\"><\/div><\/p>\n\n\n\n<p>Al leader della Lega ha replicato l\u2019assessore all\u2019energia Daniela Baglieri, tacciandolo di parlare senza essere adeguatamente informato: \u201cIl leader della Lega Matteo Salvini &#8211; ha replicato Baglieri &#8211; poco sa o molto probabilmente \u00e8 male informato in merito alla realt\u00e0 siciliana in materia di acqua e rifiuti. Le sue parole offrono una lettura semplicista e disarticolata della realt\u00e0 siciliana. Il governo Musumeci ad oggi \u00e8 l&#8217;unico governo che con caparbiet\u00e0 ha avviato un percorso virtuoso, raggiungendo importanti obiettivi come: rafforzare il sistema impiantistico pubblico, incrementare la raccolta differenziata, avviare le procedure per due termoutilizzatori, razionalizzare la gestione della risorsa idrica\u201d.<div id=\"videoincontent\" style=\"clear:both\";><\/div><\/p>\n\n\n\n<p>In difesa di Salvini \u00e8 adesso intervenuto il gruppo all\u2019Ars Lega &#8211; Prima l\u2019Italia, capeggiato dal deputato Antonio Catalfamo: \u201cLe ultime dichiarazioni del senatore Matteo Salvini hanno destato parecchi turbamenti nell\u2019agone politico. \u2013 si legge in una nota \u2013 Ma riteniamo che la classe dirigente siciliana sia spesso stata inadeguata rispetto alle necessit\u00e0 reali del sistema siciliano. Lo abbiamo visto nella sanit\u00e0 cos\u00ec come per l\u2019energia e il tema rifiuti. Non \u00e8 solo un discorso di deresponsabilizzazione politico-istituzionale.<\/p>\n\n\n\n<p>\u201cSe dovessimo basarci sull\u2019ultima Relazione sulla Performance disponibile sul sito della Regione, relativa al 2018, che elenca una serie di obiettivi strategici con le relative percentuali di realizzazione, che nella stragrande maggioranza dei casi risultano completati, non dovremmo preoccuparci degli aumenti delle premialit\u00e0 per i dirigenti siciliani. In realt\u00e0 le cose sono molto diverse e ce lo dicono gli studi fatti. La Sicilia in termini di risultati raggiunti a livello di amministrazione \u00e8 ancora troppo indietro per pensare di poter condividere col resto del mondo eventuali vittorie. La verit\u00e0 \u00e8 che la macchina si \u00e8 impantanata pi\u00f9 volte, per la poca capacit\u00e0 politica di trovare sintesi su grandi temi ma anche perch\u00e9 chi dovrebbe filtrare le decisioni e attuarle, non \u00e8 stato capace come avrebbe dovuto. E sui processi di autovalutazione si sono innescati meccanismi di autotutela tipici delle \u201ccaste\u201d di cui spesso sentiamo parlare. Ha fatto bene Salvini a parlare di inadempienze e incapacit\u00e0 burocratiche.<\/p>\n\n\n\n<p>\u201cNoi stessi, nella nostra azione legislativa, abbiamo dovuto lottare anni per vedere attuate misure importanti e condivise dal Parlamento siciliano. Che si tratti di cattiva efficienza, di lentezza o di poca adeguatezza rispetto ai nuovi standard europei, il risultato si commenta da solo. Le risposte dell\u2019Assessore Baglieri ci stupiscono. Da un\u2019attenta accademica non si pu\u00f2 solamente amplificare l\u2019eco del muro di gomma sui Palazzi della Regione. Il sistema non funziona e qualche autocritica \u00e8 segno di maturit\u00e0 politica non di scarico di responsabilit\u00e0\u201d.<\/p>\n","protected":false},"excerpt":{"rendered":"<p>A distanza di giorni prosegue il battibecco tra governo regionale ed esponenti vicini al leader della Lega Matteo Salvini. Lo scorso fine settimana Salvini, durante un incontro sui fondi europei per il Mezzogiorno, ha criticato la classe dirigente siciliana, accusandola di non essere capace di gestire l\u2019emergenza acqua e rifiuti che perennemente interessa la Sicilia. [&hellip;]<\/p>\n","protected":false},"author":8,"featured_media":12826,"comment_status":"open","ping_status":"open","sticky":false,"template":"","format":"standard","meta":{"ub_ctt_via":"","_mi_skip_tracking":false},"categories":[11],"tags":[1099,2345,1035],"featured_image_src":"https:\/\/www.messinaoggi.it\/website\/wp-content\/uploads\/2017\/12\/Antonio-Catalfamo.jpg","author_info":{"display_name":"red..me","author_link":"https:\/\/www.messinaoggi.it\/website\/author\/redstage\/"},"digistream_id":0,"digistream":false,"_links":{"self":[{"href":"https:\/\/www.messinaoggi.it\/website\/wp-json\/wp\/v2\/posts\/102402"}],"collection":[{"href":"https:\/\/www.messinaoggi.it\/website\/wp-json\/wp\/v2\/posts"}],"about":[{"href":"https:\/\/www.messinaoggi.it\/website\/wp-json\/wp\/v2\/types\/post"}],"author":[{"embeddable":true,"href":"https:\/\/www.messinaoggi.it\/website\/wp-json\/wp\/v2\/users\/8"}],"replies":[{"embeddable":true,"href":"https:\/\/www.messinaoggi.it\/website\/wp-json\/wp\/v2\/comments?post=102402"}],"version-history":[{"count":2,"href":"https:\/\/www.messinaoggi.it\/website\/wp-json\/wp\/v2\/posts\/102402\/revisions"}],"predecessor-version":[{"id":102406,"href":"https:\/\/www.messinaoggi.it\/website\/wp-json\/wp\/v2\/posts\/102402\/revisions\/102406"}],"wp:featuredmedia":[{"embeddable":true,"href":"https:\/\/www.messinaoggi.it\/website\/wp-json\/wp\/v2\/media\/12826"}],"wp:attachment":[{"href":"https:\/\/www.messinaoggi.it\/website\/wp-json\/wp\/v2\/media?parent=102402"}],"wp:term":[{"taxonomy":"category","embeddable":true,"href":"https:\/\/www.messinaoggi.it\/website\/wp-json\/wp\/v2\/categories?post=102402"},{"taxonomy":"post_tag","embeddable":true,"href":"https:\/\/www.messinaoggi.it\/website\/wp-json\/wp\/v2\/tags?post=102402"}],"curies":[{"name":"wp","href":"https:\/\/api.w.org\/{rel}","templated":true}]}}