{"id":102372,"date":"2022-03-28T21:38:23","date_gmt":"2022-03-28T19:38:23","guid":{"rendered":"http:\/\/www.messinaoggi.it\/website\/?p=102372"},"modified":"2022-03-29T09:39:19","modified_gmt":"2022-03-29T07:39:19","slug":"ufficiale-de-domenico-candidato-di-tutto-il-centrosinistra","status":"publish","type":"post","link":"https:\/\/www.messinaoggi.it\/website\/2022\/03\/28\/ufficiale-de-domenico-candidato-di-tutto-il-centrosinistra\/","title":{"rendered":"Ufficiale, De Domenico candidato di tutto il centrosinistra"},"content":{"rendered":"\n<p>Franco De Domenico: il candidato di tutto il centrosinistra unito.<div id=\"div-gpt-ad-Messinaoggi.it-DSK-300x250-corpoart\" style=\"text-align:center;margin:0 auto;\"><\/div><\/p>\n\n\n\n<p>Il centrosinistra, compreso Cambiano Messina dal Basso, ufficializza la candidatura a sindaco di Franco De Domenico. \u201cNon c\u2019\u00e8 solo un nome, c\u2019\u00e8 una idea, un NOI, la volont\u00e0 di dar seguito a un progetto politico che va avanti da diversi anni attraverso tantissime iniziative ed eventi pubblici (da \u201cil Mare Negato\u201d del 2016 a \u201cSpazi di Confronto\u201d del 2021\/2022) che ci vede tutti quanti impegnati, a vario titolo, insieme. Per questo, dopo lunghi e proficui confronti, con le diverse sensibilit\u00e0 e i diversi modi di pensare che ci contraddistinguono, abbiamo sciolto nodi, rafforzato il nostro programma. <div id=\"videoincontent\" style=\"clear:both\";><\/div><\/p>\n\n\n\n<p>Abbiamo un\u2019idea precisa su come pensiamo vada amministrata la nostra Messina, uscendo dai personalismi e superando quella polarizzazione che negli ultimi anni ha reso il dibattito politico cittadino terreno di uno scontro tanto incessante quanto sterile: basta divisioni, serve far emergere la forza e le capacit\u00e0 che qui abitano e rispondere ai bisogni di cittadine e cittadini per una citt\u00e0 a misura di bambini, caratterizzata da verde pubblico e spazi liberi, dal recupero del waterfront, dall\u2019ottimizzazione dei servizi pubblici in una logica di accessibilit\u00e0 per le fasce pi\u00f9 deboli e di equit\u00e0 sociale. <\/p>\n\n\n\n<p>Abbiamo trovato nella persona di Franco De Domenico un profilo in grado di catalizzare e coordinare il nostro progetto; di portare avanti una filosofia che vede nell\u2019unit\u00e0 di intenti, sociale prima ancora che politica, lo strumento essenziale per lo sviluppo del territorio, la crescita della comunit\u00e0 e la lotta contro tutte le diseguaglianze. Una squadra affiatata, preparata e sintesi di tutte queste nostre sensibilit\u00e0 e un Consiglio comunale ben rappresentato sapranno tenere fede ai nostri princ\u00ecpi\u201d.<\/p>\n\n\n\n<p>Il documento \u00e8 siglato da Articolo Uno,  Cambiamo Messina dal Basso, IdeaMessina, MessinaAccomuna, Movimento 5Stelle, Partito Democratico, +Europa, Studenti e rete giovanile, Volt.<\/p>\n","protected":false},"excerpt":{"rendered":"<p>Franco De Domenico: il candidato di tutto il centrosinistra unito. Il centrosinistra, compreso Cambiano Messina dal Basso, ufficializza la candidatura a sindaco di Franco De Domenico. \u201cNon c\u2019\u00e8 solo un nome, c\u2019\u00e8 una idea, un NOI, la volont\u00e0 di dar seguito a un progetto politico che va avanti da diversi anni attraverso tantissime iniziative ed [&hellip;]<\/p>\n","protected":false},"author":2,"featured_media":35427,"comment_status":"open","ping_status":"open","sticky":false,"template":"","format":"standard","meta":{"ub_ctt_via":"","_mi_skip_tracking":false},"categories":[19,4],"tags":[2426,3994,4159,2059],"featured_image_src":"https:\/\/www.messinaoggi.it\/website\/wp-content\/uploads\/2019\/07\/franco-de-domenico.jpg","author_info":{"display_name":"Redazione","author_link":"https:\/\/www.messinaoggi.it\/website\/author\/redazione\/"},"digistream_id":0,"digistream":false,"_links":{"self":[{"href":"https:\/\/www.messinaoggi.it\/website\/wp-json\/wp\/v2\/posts\/102372"}],"collection":[{"href":"https:\/\/www.messinaoggi.it\/website\/wp-json\/wp\/v2\/posts"}],"about":[{"href":"https:\/\/www.messinaoggi.it\/website\/wp-json\/wp\/v2\/types\/post"}],"author":[{"embeddable":true,"href":"https:\/\/www.messinaoggi.it\/website\/wp-json\/wp\/v2\/users\/2"}],"replies":[{"embeddable":true,"href":"https:\/\/www.messinaoggi.it\/website\/wp-json\/wp\/v2\/comments?post=102372"}],"version-history":[{"count":1,"href":"https:\/\/www.messinaoggi.it\/website\/wp-json\/wp\/v2\/posts\/102372\/revisions"}],"predecessor-version":[{"id":102373,"href":"https:\/\/www.messinaoggi.it\/website\/wp-json\/wp\/v2\/posts\/102372\/revisions\/102373"}],"wp:featuredmedia":[{"embeddable":true,"href":"https:\/\/www.messinaoggi.it\/website\/wp-json\/wp\/v2\/media\/35427"}],"wp:attachment":[{"href":"https:\/\/www.messinaoggi.it\/website\/wp-json\/wp\/v2\/media?parent=102372"}],"wp:term":[{"taxonomy":"category","embeddable":true,"href":"https:\/\/www.messinaoggi.it\/website\/wp-json\/wp\/v2\/categories?post=102372"},{"taxonomy":"post_tag","embeddable":true,"href":"https:\/\/www.messinaoggi.it\/website\/wp-json\/wp\/v2\/tags?post=102372"}],"curies":[{"name":"wp","href":"https:\/\/api.w.org\/{rel}","templated":true}]}}