{"id":10233,"date":"2017-10-24T09:43:19","date_gmt":"2017-10-24T07:43:19","guid":{"rendered":"http:\/\/www.messinaoggi.it\/website\/?p=10233"},"modified":"2017-10-24T09:43:19","modified_gmt":"2017-10-24T07:43:19","slug":"la-dia-sequestra-beni-ad-imprenditore-in-odor-di-mafia","status":"publish","type":"post","link":"https:\/\/www.messinaoggi.it\/website\/2017\/10\/24\/la-dia-sequestra-beni-ad-imprenditore-in-odor-di-mafia\/","title":{"rendered":"La Dia sequestra beni ad imprenditore in odor di mafia"},"content":{"rendered":"<p>La Dia di Messina, con il suppooto del Centro operativo di Catania, sta apponendo i sigilli al patrimonio di un noto imprenditore operante nel contesto delle forniture di inerti, e sospettato di contiguit\u00e0 con la criminalit\u00e0 organizzata, nella fascia tirrenica della provincia peloritana. L&#8217;operazione interessa anche una societ\u00e0 di capitali.<br \/>\nIl provvedimento \u00e8 stato emesso dal Tribunale Misure di Prevenzione di\u00a0Messina, che ha accolto la richiesta della Dda di\u00a0Messina\u00a0guidata dal Procuratore Maurizio de Lucia. Di recente lo stesso imprenditore era stato colpito da un altro sequestro per un valore di circa tre milioni di euro.<div id=\"div-gpt-ad-Messinaoggi.it-DSK-300x250-corpoart\" style=\"text-align:center;margin:0 auto;\"><\/div><\/p>\n<div id=\"videoincontent\" style=\"clear:both\";><\/div>","protected":false},"excerpt":{"rendered":"<p>La Dia di Messina, con il suppooto del Centro operativo di Catania, sta apponendo i sigilli al patrimonio di un noto imprenditore operante nel contesto delle forniture di inerti, e sospettato di contiguit\u00e0 con la criminalit\u00e0 organizzata, nella fascia tirrenica della provincia peloritana. L&#8217;operazione interessa anche una societ\u00e0 di capitali. Il provvedimento \u00e8 stato emesso [&hellip;]<\/p>\n","protected":false},"author":2,"featured_media":4977,"comment_status":"closed","ping_status":"open","sticky":false,"template":"","format":"standard","meta":{"ub_ctt_via":"","_mi_skip_tracking":false},"categories":[6],"tags":[],"featured_image_src":"https:\/\/www.messinaoggi.it\/website\/wp-content\/uploads\/2017\/07\/Dia-Messina-in-azione-2.jpg","author_info":{"display_name":"Redazione","author_link":"https:\/\/www.messinaoggi.it\/website\/author\/redazione\/"},"digistream_id":0,"digistream":false,"_links":{"self":[{"href":"https:\/\/www.messinaoggi.it\/website\/wp-json\/wp\/v2\/posts\/10233"}],"collection":[{"href":"https:\/\/www.messinaoggi.it\/website\/wp-json\/wp\/v2\/posts"}],"about":[{"href":"https:\/\/www.messinaoggi.it\/website\/wp-json\/wp\/v2\/types\/post"}],"author":[{"embeddable":true,"href":"https:\/\/www.messinaoggi.it\/website\/wp-json\/wp\/v2\/users\/2"}],"replies":[{"embeddable":true,"href":"https:\/\/www.messinaoggi.it\/website\/wp-json\/wp\/v2\/comments?post=10233"}],"version-history":[{"count":0,"href":"https:\/\/www.messinaoggi.it\/website\/wp-json\/wp\/v2\/posts\/10233\/revisions"}],"wp:featuredmedia":[{"embeddable":true,"href":"https:\/\/www.messinaoggi.it\/website\/wp-json\/wp\/v2\/media\/4977"}],"wp:attachment":[{"href":"https:\/\/www.messinaoggi.it\/website\/wp-json\/wp\/v2\/media?parent=10233"}],"wp:term":[{"taxonomy":"category","embeddable":true,"href":"https:\/\/www.messinaoggi.it\/website\/wp-json\/wp\/v2\/categories?post=10233"},{"taxonomy":"post_tag","embeddable":true,"href":"https:\/\/www.messinaoggi.it\/website\/wp-json\/wp\/v2\/tags?post=10233"}],"curies":[{"name":"wp","href":"https:\/\/api.w.org\/{rel}","templated":true}]}}