{"id":102283,"date":"2022-03-28T13:44:20","date_gmt":"2022-03-28T11:44:20","guid":{"rendered":"http:\/\/www.messinaoggi.it\/website\/?p=102283"},"modified":"2022-03-28T13:44:21","modified_gmt":"2022-03-28T11:44:21","slug":"torre-faro-divieto-di-sosta-per-interventi-allimpianto-dilluminazione","status":"publish","type":"post","link":"https:\/\/www.messinaoggi.it\/website\/2022\/03\/28\/torre-faro-divieto-di-sosta-per-interventi-allimpianto-dilluminazione\/","title":{"rendered":"Torre Faro, divieto di sosta per interventi all&#8217;impianto d&#8217;illuminazione"},"content":{"rendered":"\n<p>Marted\u00ec 29, dalle 7.30 alle 17, sar\u00e0 vietata la sosta in via Santa Domenica, a Torre Faro. La limitazione viaria \u00e8 stata disposta per consentire l\u2019esecuzione di lavori di relamping nell\u2019ambito del \u201cServizio di efficientamento e gestione pluriennale degli impianti di illuminazione pubblica mediante ammodernamento tecnologico e relamping\u201d.<div id=\"div-gpt-ad-Messinaoggi.it-DSK-300x250-corpoart\" style=\"text-align:center;margin:0 auto;\"><\/div><\/p>\n<div id=\"videoincontent\" style=\"clear:both\";><\/div>","protected":false},"excerpt":{"rendered":"<p>Marted\u00ec 29, dalle 7.30 alle 17, sar\u00e0 vietata la sosta in via Santa Domenica, a Torre Faro. La limitazione viaria \u00e8 stata disposta per consentire l\u2019esecuzione di lavori di relamping nell\u2019ambito del \u201cServizio di efficientamento e gestione pluriennale degli impianti di illuminazione pubblica mediante ammodernamento tecnologico e relamping\u201d.<\/p>\n","protected":false},"author":4,"featured_media":14422,"comment_status":"open","ping_status":"open","sticky":false,"template":"","format":"standard","meta":{"ub_ctt_via":"","_mi_skip_tracking":false},"categories":[5],"tags":[1154],"featured_image_src":"https:\/\/www.messinaoggi.it\/website\/wp-content\/uploads\/2018\/01\/Torre-Faro-basolato-rialzato-di-notte-messinaoggiMR-1.jpg","author_info":{"display_name":"redme","author_link":"https:\/\/www.messinaoggi.it\/website\/author\/redme\/"},"digistream_id":0,"digistream":false,"_links":{"self":[{"href":"https:\/\/www.messinaoggi.it\/website\/wp-json\/wp\/v2\/posts\/102283"}],"collection":[{"href":"https:\/\/www.messinaoggi.it\/website\/wp-json\/wp\/v2\/posts"}],"about":[{"href":"https:\/\/www.messinaoggi.it\/website\/wp-json\/wp\/v2\/types\/post"}],"author":[{"embeddable":true,"href":"https:\/\/www.messinaoggi.it\/website\/wp-json\/wp\/v2\/users\/4"}],"replies":[{"embeddable":true,"href":"https:\/\/www.messinaoggi.it\/website\/wp-json\/wp\/v2\/comments?post=102283"}],"version-history":[{"count":1,"href":"https:\/\/www.messinaoggi.it\/website\/wp-json\/wp\/v2\/posts\/102283\/revisions"}],"predecessor-version":[{"id":102284,"href":"https:\/\/www.messinaoggi.it\/website\/wp-json\/wp\/v2\/posts\/102283\/revisions\/102284"}],"wp:featuredmedia":[{"embeddable":true,"href":"https:\/\/www.messinaoggi.it\/website\/wp-json\/wp\/v2\/media\/14422"}],"wp:attachment":[{"href":"https:\/\/www.messinaoggi.it\/website\/wp-json\/wp\/v2\/media?parent=102283"}],"wp:term":[{"taxonomy":"category","embeddable":true,"href":"https:\/\/www.messinaoggi.it\/website\/wp-json\/wp\/v2\/categories?post=102283"},{"taxonomy":"post_tag","embeddable":true,"href":"https:\/\/www.messinaoggi.it\/website\/wp-json\/wp\/v2\/tags?post=102283"}],"curies":[{"name":"wp","href":"https:\/\/api.w.org\/{rel}","templated":true}]}}