{"id":102278,"date":"2022-03-28T13:07:34","date_gmt":"2022-03-28T11:07:34","guid":{"rendered":"https:\/\/www.messinaoggi.it\/website\/2022\/03\/28\/ucraina-mattarella-riesplodono-aggressivi-egoismi-nazionali\/"},"modified":"2022-03-28T13:07:34","modified_gmt":"2022-03-28T11:07:34","slug":"ucraina-mattarella-riesplodono-aggressivi-egoismi-nazionali","status":"publish","type":"post","link":"https:\/\/www.messinaoggi.it\/website\/2022\/03\/28\/ucraina-mattarella-riesplodono-aggressivi-egoismi-nazionali\/","title":{"rendered":"Ucraina, Mattarella: \u201cRiesplodono aggressivi egoismi nazionali\u201d"},"content":{"rendered":"<div>TRIESTE (ITALPRESS) &#8211; &#8220;Pensavo che la drammatica esperienza della pandemia, vissuta da tutto il mondo, e che ha messo a rischio il genere umano, avesse fatto capire anche a livello dei governi degli Stati l&#8217;importanza della ricerca del dialogo, della collaborazione e delle comprensione. Appariva logico e sembrava possibile, invece abbiamo dovuto assistere all&#8217;esplodere di aggressivi egoismi nazionali, alla moda di quanto non avveniva dall&#8217;800&#8221;. Cos\u00ec Sergio Mattarella, presidente della Repubblica, all&#8217;inaugurazione dell&#8217;anno accademico dell&#8217;Universit\u00e0 di Trieste.<br \/>\n&#8220;Un retrocedere della storia e delle civilt\u00e0 che mai avremmo immaginato possibile in questo inizio di millennio, assistendo a vittime di ogni et\u00e0, a bambini e ad anziani, a devastazioni di citt\u00e0, campagne, a un impoverimento del mondo, non riusciamo neppure a rinvenirvi una motivazione razionale&#8221;, ha proseguito.<br \/>\n&#8220;Si ponga fine alle guerre, la pace \u00e8 sempre doverosa e possibile, proprio per questo stiamo rispondendo, con la dovuta solidariet\u00e0, all&#8217;aggressione dell&#8217;Ucraina &#8211; ha sottolineato il capo dello Stato -, con l&#8217;accoglienza dei profughi, con il sostegno concreto a chi resiste a difesa della propria terra contro un&#8217;invasione militare e con misure economiche e finanziarie che indeboliscano chi pretende di imporre con la violenza delle armi le proprie scelte a un altro Paese&#8221;.<br \/>\n(ITALPRESS).<\/div>\n<div id=\"div-gpt-ad-Messinaoggi.it-DSK-300x250-corpoart\" style=\"text-align:center;margin:0 auto;\"><\/div><\/p><div id=\"videoincontent\" style=\"clear:both\";><\/div>","protected":false},"excerpt":{"rendered":"<p>TRIESTE (ITALPRESS) &#8211; &#8220;Pensavo che la drammatica esperienza della pandemia, vissuta da tutto il mondo, e che ha messo a rischio il genere umano, avesse fatto capire anche a livello dei governi degli Stati l&#8217;importanza della ricerca del dialogo, della collaborazione e delle comprensione. Appariva logico e sembrava possibile, invece abbiamo dovuto assistere all&#8217;esplodere di [&hellip;]<\/p>\n","protected":false},"author":18,"featured_media":102279,"comment_status":"closed","ping_status":"closed","sticky":false,"template":"","format":"standard","meta":{"ub_ctt_via":"","_mi_skip_tracking":false},"categories":[446],"tags":[783],"featured_image_src":"https:\/\/www.messinaoggi.it\/website\/wp-content\/uploads\/2022\/03\/20220328_0403.jpg","author_info":{"display_name":"Admin","author_link":"https:\/\/www.messinaoggi.it\/website\/author\/admin\/"},"digistream_id":0,"digistream":false,"_links":{"self":[{"href":"https:\/\/www.messinaoggi.it\/website\/wp-json\/wp\/v2\/posts\/102278"}],"collection":[{"href":"https:\/\/www.messinaoggi.it\/website\/wp-json\/wp\/v2\/posts"}],"about":[{"href":"https:\/\/www.messinaoggi.it\/website\/wp-json\/wp\/v2\/types\/post"}],"author":[{"embeddable":true,"href":"https:\/\/www.messinaoggi.it\/website\/wp-json\/wp\/v2\/users\/18"}],"replies":[{"embeddable":true,"href":"https:\/\/www.messinaoggi.it\/website\/wp-json\/wp\/v2\/comments?post=102278"}],"version-history":[{"count":0,"href":"https:\/\/www.messinaoggi.it\/website\/wp-json\/wp\/v2\/posts\/102278\/revisions"}],"wp:featuredmedia":[{"embeddable":true,"href":"https:\/\/www.messinaoggi.it\/website\/wp-json\/wp\/v2\/media\/102279"}],"wp:attachment":[{"href":"https:\/\/www.messinaoggi.it\/website\/wp-json\/wp\/v2\/media?parent=102278"}],"wp:term":[{"taxonomy":"category","embeddable":true,"href":"https:\/\/www.messinaoggi.it\/website\/wp-json\/wp\/v2\/categories?post=102278"},{"taxonomy":"post_tag","embeddable":true,"href":"https:\/\/www.messinaoggi.it\/website\/wp-json\/wp\/v2\/tags?post=102278"}],"curies":[{"name":"wp","href":"https:\/\/api.w.org\/{rel}","templated":true}]}}