{"id":102242,"date":"2022-03-28T09:15:11","date_gmt":"2022-03-28T07:15:11","guid":{"rendered":"http:\/\/www.messinaoggi.it\/website\/?p=102242"},"modified":"2022-03-28T09:15:12","modified_gmt":"2022-03-28T07:15:12","slug":"camera-di-commercio-stringenti-controlli-per-il-rinnovo","status":"publish","type":"post","link":"https:\/\/www.messinaoggi.it\/website\/2022\/03\/28\/camera-di-commercio-stringenti-controlli-per-il-rinnovo\/","title":{"rendered":"Camera di Commercio, stringenti controlli per il rinnovo"},"content":{"rendered":"\n<p>Prosegue a ritmo serrato il lavoro dei dirigenti della Camera di Commercio in vista del rinnovo camerale. A met\u00e0 luglio scade il mandato dell&#8217;attuale presidente, Ivo Blandina, e le operazioni per il rinnovo del Consiglio camerale e quindi della nuova governance, stanno andando avanti.<div id=\"div-gpt-ad-Messinaoggi.it-DSK-300x250-corpoart\" style=\"text-align:center;margin:0 auto;\"><\/div><\/p>\n\n\n\n<p>Esclusi rinvii, come accaduto in passato, anche perch\u00e9 se i tempi di dovessero diluire si andrebbe verso un &#8220;pericoloso&#8221; periodo di Commissariamento dell&#8217;Ente camerale. Ci\u00f2 che tutte le associazioni datoriali intendono scongiurare.<div id=\"videoincontent\" style=\"clear:both\";><\/div><\/p>\n\n\n\n<p>Per questo motivo, la task-force allestita dal segretario generale, Paola Sabella, sta lavorando sodo alle verifiche delle posizioni degli iscritti delle associazioni, per presentare la nuova &#8220;geografia&#8221; del Consiglio camerale all&#8217;assessorato regionale alle Attivit\u00e0 Produttiva, cui spetter\u00e0 l&#8217;emissione del relativo decreto e quindi si proceder\u00e0 all&#8217;insediamento del nuovo consiglio.<\/p>\n\n\n\n<p>Se fino a qualche mese addietro c&#8217;era la convinzione che l&#8217;attuale governance potesse viaggiare verso un sostanziale mantenimento dello &#8220;status quo&#8221;, oggi con l&#8217;apparentamento fra Confcommercio e Cesac, i numeri potrebbero essere stravolti, con il commercio di riferimento di Picciotto e Sciotto che potrebbe fare la parte del leone.<\/p>\n\n\n\n<p>Il segretario generale, Paola Sabella, fresco di prolungamento del contratto, sta sovrintendo i lavori relativi alle verifiche e dalla Camera di Commercio non trapela praticamente nulla sulle &#8220;forze&#8221; che si andranno a contendere la nuova governance. <\/p>\n\n\n\n<p>L&#8217;unica cosa che trapela riguarda la rigidit\u00e0 dei controlli perch\u00e9 si vuole scongiurare una valanga di ricorsi e soprattutto code di carattere giudiziario. Scongiurare quindi code &#8220;velenose&#8221; per impedire che la Camera di Commercio possa finire in un prolungato commissariamento.<\/p>\n","protected":false},"excerpt":{"rendered":"<p>Prosegue a ritmo serrato il lavoro dei dirigenti della Camera di Commercio in vista del rinnovo camerale. A met\u00e0 luglio scade il mandato dell&#8217;attuale presidente, Ivo Blandina, e le operazioni per il rinnovo del Consiglio camerale e quindi della nuova governance, stanno andando avanti. Esclusi rinvii, come accaduto in passato, anche perch\u00e9 se i tempi [&hellip;]<\/p>\n","protected":false},"author":2,"featured_media":450,"comment_status":"open","ping_status":"open","sticky":false,"template":"","format":"standard","meta":{"ub_ctt_via":"","_mi_skip_tracking":false},"categories":[19],"tags":[1012,1736,1693,4218,4202,4217,4216],"featured_image_src":"https:\/\/www.messinaoggi.it\/website\/wp-content\/uploads\/2017\/05\/camera-commercio-messina-2.jpg","author_info":{"display_name":"Redazione","author_link":"https:\/\/www.messinaoggi.it\/website\/author\/redazione\/"},"digistream_id":0,"digistream":false,"_links":{"self":[{"href":"https:\/\/www.messinaoggi.it\/website\/wp-json\/wp\/v2\/posts\/102242"}],"collection":[{"href":"https:\/\/www.messinaoggi.it\/website\/wp-json\/wp\/v2\/posts"}],"about":[{"href":"https:\/\/www.messinaoggi.it\/website\/wp-json\/wp\/v2\/types\/post"}],"author":[{"embeddable":true,"href":"https:\/\/www.messinaoggi.it\/website\/wp-json\/wp\/v2\/users\/2"}],"replies":[{"embeddable":true,"href":"https:\/\/www.messinaoggi.it\/website\/wp-json\/wp\/v2\/comments?post=102242"}],"version-history":[{"count":1,"href":"https:\/\/www.messinaoggi.it\/website\/wp-json\/wp\/v2\/posts\/102242\/revisions"}],"predecessor-version":[{"id":102247,"href":"https:\/\/www.messinaoggi.it\/website\/wp-json\/wp\/v2\/posts\/102242\/revisions\/102247"}],"wp:featuredmedia":[{"embeddable":true,"href":"https:\/\/www.messinaoggi.it\/website\/wp-json\/wp\/v2\/media\/450"}],"wp:attachment":[{"href":"https:\/\/www.messinaoggi.it\/website\/wp-json\/wp\/v2\/media?parent=102242"}],"wp:term":[{"taxonomy":"category","embeddable":true,"href":"https:\/\/www.messinaoggi.it\/website\/wp-json\/wp\/v2\/categories?post=102242"},{"taxonomy":"post_tag","embeddable":true,"href":"https:\/\/www.messinaoggi.it\/website\/wp-json\/wp\/v2\/tags?post=102242"}],"curies":[{"name":"wp","href":"https:\/\/api.w.org\/{rel}","templated":true}]}}