{"id":102227,"date":"2022-03-28T00:07:34","date_gmt":"2022-03-27T22:07:34","guid":{"rendered":"https:\/\/www.messinaoggi.it\/website\/2022\/03\/27\/speranza-iniziamo-ad-affrontare-il-covid-con-strumenti-ordinari\/"},"modified":"2022-03-28T09:02:45","modified_gmt":"2022-03-28T07:02:45","slug":"speranza-iniziamo-ad-affrontare-il-covid-con-strumenti-ordinari","status":"publish","type":"post","link":"https:\/\/www.messinaoggi.it\/website\/2022\/03\/28\/speranza-iniziamo-ad-affrontare-il-covid-con-strumenti-ordinari\/","title":{"rendered":"Speranza \u201cIniziamo ad affrontare il Covid con strumenti ordinari\u201d"},"content":{"rendered":"<div>ROMA (ITALPRESS) &#8211; &#8220;Abbiamo appena chiuso la stagione dell&#8217;autunno-inverno che \u00e8 la pi\u00f9 difficile per questo virus e l&#8217;abbiamo chiusa senza fare chiusure di attivit\u00e0. A stamattina il 91,36% al di sopra dei 12 anni ha fatto la seconda dose di vaccino, e siamo quasi al 90% per prime dosi e tra i migliori al mondo per il booster. Il virus non scompare, ma iniziamo ad affrontarlo con strumenti ordinari. Fino ad aprile bisogna tenere le mascherina al chiuse, dopo questo mese decideremo se toglierle definitivamente. Abbiamo sempre seguito una linea di gradualit\u00e0 e attenzione e continueremo cos\u00ec. Passo dopo passo teniamo una linea di prudenza&#8221;. Cos\u00ec Roberto Speranza, ministro della Salute, a &#8220;Che Tempo che Fa&#8221; su Rai3.<br \/>Sulle nuove regole per la scuola, il ministro ha spiegato: &#8220;Dal 1\u00b0 aprile chi \u00e8 positivo va a casa, ma tutti gli altri li vogliamo tenere il pi\u00f9 possibile in classe perch\u00e8 i nostri ragazzi hanno pagato un prezzo eccessivo. Mancano due mesi alla fine della scuola e li vogliamo tenere in classe. Rivendico le scelte fatte dal governo &#8211; ha sottolineato Speranza -. Ora i lavoratori sopra i 50 anni e quelli delle categorie dell&#8217;obbligo, fatta eccezione per i sanitari che hanno una loro specificit\u00e0, come personale scolastico e forze dell&#8217;ordine, potranno tornare al lavoro ma dovranno fare il tampone, con una modalit\u00e0 di green pass base. Sui mezzi di trasporto resta l&#8217;obbligo di mascherina FFP2 e siamo tra i pochi Paesi che mantengono la mascherina al chiuso. Cautela e fiducia, la pandemia non \u00e8 finita&#8221;.<br \/>(ITALPRESS).<\/div>\n<div id=\"div-gpt-ad-Messinaoggi.it-DSK-300x250-corpoart\" style=\"text-align:center;margin:0 auto;\"><\/div><\/p><div id=\"videoincontent\" style=\"clear:both\";><\/div>","protected":false},"excerpt":{"rendered":"<p>ROMA (ITALPRESS) &#8211; &#8220;Abbiamo appena chiuso la stagione dell&#8217;autunno-inverno che \u00e8 la pi\u00f9 difficile per questo virus e l&#8217;abbiamo chiusa senza fare chiusure di attivit\u00e0. A stamattina il 91,36% al di sopra dei 12 anni ha fatto la seconda dose di vaccino, e siamo quasi al 90% per prime dosi e tra i migliori al [&hellip;]<\/p>\n","protected":false},"author":18,"featured_media":102228,"comment_status":"closed","ping_status":"closed","sticky":false,"template":"","format":"standard","meta":{"ub_ctt_via":"","_mi_skip_tracking":false},"categories":[221,446],"tags":[783],"featured_image_src":"https:\/\/www.messinaoggi.it\/website\/wp-content\/uploads\/2022\/03\/20220327_1979.jpg","author_info":{"display_name":"Admin","author_link":"https:\/\/www.messinaoggi.it\/website\/author\/admin\/"},"digistream_id":0,"digistream":false,"_links":{"self":[{"href":"https:\/\/www.messinaoggi.it\/website\/wp-json\/wp\/v2\/posts\/102227"}],"collection":[{"href":"https:\/\/www.messinaoggi.it\/website\/wp-json\/wp\/v2\/posts"}],"about":[{"href":"https:\/\/www.messinaoggi.it\/website\/wp-json\/wp\/v2\/types\/post"}],"author":[{"embeddable":true,"href":"https:\/\/www.messinaoggi.it\/website\/wp-json\/wp\/v2\/users\/18"}],"replies":[{"embeddable":true,"href":"https:\/\/www.messinaoggi.it\/website\/wp-json\/wp\/v2\/comments?post=102227"}],"version-history":[{"count":1,"href":"https:\/\/www.messinaoggi.it\/website\/wp-json\/wp\/v2\/posts\/102227\/revisions"}],"predecessor-version":[{"id":102238,"href":"https:\/\/www.messinaoggi.it\/website\/wp-json\/wp\/v2\/posts\/102227\/revisions\/102238"}],"wp:featuredmedia":[{"embeddable":true,"href":"https:\/\/www.messinaoggi.it\/website\/wp-json\/wp\/v2\/media\/102228"}],"wp:attachment":[{"href":"https:\/\/www.messinaoggi.it\/website\/wp-json\/wp\/v2\/media?parent=102227"}],"wp:term":[{"taxonomy":"category","embeddable":true,"href":"https:\/\/www.messinaoggi.it\/website\/wp-json\/wp\/v2\/categories?post=102227"},{"taxonomy":"post_tag","embeddable":true,"href":"https:\/\/www.messinaoggi.it\/website\/wp-json\/wp\/v2\/tags?post=102227"}],"curies":[{"name":"wp","href":"https:\/\/api.w.org\/{rel}","templated":true}]}}