{"id":10221,"date":"2017-10-23T17:26:54","date_gmt":"2017-10-23T15:26:54","guid":{"rendered":"http:\/\/www.messinaoggi.it\/website\/?p=10221"},"modified":"2017-10-23T17:26:54","modified_gmt":"2017-10-23T15:26:54","slug":"logopedia-del-papardo-resa-operativa-allirccs-piemonte-bimbi-da-oggi-a-villa-contino","status":"publish","type":"post","link":"https:\/\/www.messinaoggi.it\/website\/2017\/10\/23\/logopedia-del-papardo-resa-operativa-allirccs-piemonte-bimbi-da-oggi-a-villa-contino\/","title":{"rendered":"Logopedia del Papardo resa operativa all\u2019Irccs \u2013 Piemonte. Bimbi da oggi a Villa Contino"},"content":{"rendered":"<p style=\"text-align: justify\">Per un servizio sanitario che va via ce ne dovrebbe essere un altro che risorge, tranne che non sia una struttura risucchiata nel vortice della \u201cspending review\u201d. Lo recita anche una legge regionale che, in caso di soppressione in una sede ospedaliera o territoriale, il servizio debba essere ripristinato altrove per garantire una continuit\u00e0 assistenziale. <strong>Per l\u2019attivit\u00e0 di Logopedia dell\u2019Azienda ospedaliera Papardo si \u00e8 trattato di una \u201cpennichella durata cinque mesi\u201d, conservata e ibernata chiss\u00e0 per un percorso evolutivo, senza fornire alcuna spiegazione esaustiva alle famiglie dei 14 bimbi assistiti<\/strong> (chi nell\u2019espressione verbale, chi nell\u2019apprendimento) <strong>che, da oggi, possono riaffidarsi ad una tabella di marcia per il metodo di cura, da effettuare agli ambulatori di Villa Contino, con l\u2019addetta specializzata.<\/strong><div id=\"div-gpt-ad-Messinaoggi.it-DSK-300x250-corpoart\" style=\"text-align:center;margin:0 auto;\"><\/div><\/p>\n<p style=\"text-align: justify\">L\u2019incontro preliminare \u00e8 avvenuto venerd\u00ec scorso per ristabilire gli equilibri traballati in questi lunghi cinque mesi. \u201c<strong>Da oggi, \u00e8 stata consegnata la stanza a pian terreno dove si svolgeranno le terapie &#8211; commenta il direttore sanitario dell\u2019Irccs Neurolesi \u2013Piemonte Dino Alagna<\/strong> -. Venerd\u00ec, il materiale per il trattamento \u00e8 stato trasferito a Villa Contino perch\u00e9 si trovava al Papardo. Cos\u00ec, viene ripristinato un servizio che si era fermato e che richiede molta pazienza da parte della logopedista abilitata, gi\u00e0 reclutata da noi al centro dei Colli San Rizzo e riassegnata a questo settore. L\u2019altra \u00e8 in malattia. L\u2019importante \u00e8 aver trovato questo accordo con il Commissario Di Liberti, in quanto gli spazi restano in capo all\u2019Amministrazione del Papardo che ci ha concesso di utilizzarli. I soggetti sono tutti in et\u00e0 pediatrica con balbuzie, difficolt\u00e0 nel linguaggio che, attraverso opportuni esercizi, stavano recuperando una migliore performance di foniatria\u201d.<div id=\"videoincontent\" style=\"clear:both\";><\/div><\/p>\n<p style=\"text-align: justify\">\u201cDunque, il servizio non \u00e8 cos\u00ec generico per il momento perch\u00e9 si rivolge a questi piccoli continua Alagna -. Ma \u00e8 chiaro che la dottoressa impiegata ha lavorato con i pazienti neurolesi con cerebropatie, con pazienti post-ictus che devono riacquistare il linguaggio e con pazienti che non avevano la funzione deglutitoria o che hanno avuto emorragia cerebrale. La maggior parte del tempo verr\u00e0 assorbita dai bambini la cui richiesta \u00e8 stata gi\u00e0 presentata dai propri genitori, la terapia prevede un\u2019ora per ciascuno per cui l\u2019impegno lavorativo \u00e8 di un certa entit\u00e0 e dovr\u00e0 incastrarsi con i doveri scolastici degli utenti. Io mi auguro che la logopedista possa trovare del tempo per occuparsi anche dei pazienti ricoverati al Neurolesi a Casazza. Il servizio sar\u00e0 operativo giornalmente concordando con gli assistiti se mattina o pomeriggio, raggruppando magari pi\u00f9 persone. La titolare dell\u2019attivit\u00e0 potr\u00e0 iniziare in maniera pi\u00f9 appropriata, conoscendo gi\u00e0 i soggetti ma, in Pianta Organica, queste figure professionali sono anche di pi\u00f9\u201d.<\/p>\n","protected":false},"excerpt":{"rendered":"<p>Per un servizio sanitario che va via ce ne dovrebbe essere un altro che risorge, tranne che non sia una struttura risucchiata nel vortice della \u201cspending review\u201d. Lo recita anche una legge regionale che, in caso di soppressione in una sede ospedaliera o territoriale, il servizio debba essere ripristinato altrove per garantire una continuit\u00e0 assistenziale. [&hellip;]<\/p>\n","protected":false},"author":7,"featured_media":10222,"comment_status":"closed","ping_status":"open","sticky":false,"template":"","format":"standard","meta":{"ub_ctt_via":"","_mi_skip_tracking":false},"categories":[5],"tags":[],"featured_image_src":"https:\/\/www.messinaoggi.it\/website\/wp-content\/uploads\/2017\/10\/Villa-Contino-ingresso-esterno-messinaoggiMarcyR.jpg","author_info":{"display_name":"Redazione1","author_link":"https:\/\/www.messinaoggi.it\/website\/author\/redazione1\/"},"digistream_id":0,"digistream":false,"_links":{"self":[{"href":"https:\/\/www.messinaoggi.it\/website\/wp-json\/wp\/v2\/posts\/10221"}],"collection":[{"href":"https:\/\/www.messinaoggi.it\/website\/wp-json\/wp\/v2\/posts"}],"about":[{"href":"https:\/\/www.messinaoggi.it\/website\/wp-json\/wp\/v2\/types\/post"}],"author":[{"embeddable":true,"href":"https:\/\/www.messinaoggi.it\/website\/wp-json\/wp\/v2\/users\/7"}],"replies":[{"embeddable":true,"href":"https:\/\/www.messinaoggi.it\/website\/wp-json\/wp\/v2\/comments?post=10221"}],"version-history":[{"count":0,"href":"https:\/\/www.messinaoggi.it\/website\/wp-json\/wp\/v2\/posts\/10221\/revisions"}],"wp:featuredmedia":[{"embeddable":true,"href":"https:\/\/www.messinaoggi.it\/website\/wp-json\/wp\/v2\/media\/10222"}],"wp:attachment":[{"href":"https:\/\/www.messinaoggi.it\/website\/wp-json\/wp\/v2\/media?parent=10221"}],"wp:term":[{"taxonomy":"category","embeddable":true,"href":"https:\/\/www.messinaoggi.it\/website\/wp-json\/wp\/v2\/categories?post=10221"},{"taxonomy":"post_tag","embeddable":true,"href":"https:\/\/www.messinaoggi.it\/website\/wp-json\/wp\/v2\/tags?post=10221"}],"curies":[{"name":"wp","href":"https:\/\/api.w.org\/{rel}","templated":true}]}}