{"id":102197,"date":"2022-03-27T16:07:34","date_gmt":"2022-03-27T14:07:34","guid":{"rendered":"https:\/\/www.messinaoggi.it\/website\/2022\/03\/27\/fontana-compie-70-anni-e-si-racconta-dalla-nascita-della-lega-a-oggi\/"},"modified":"2022-03-27T16:07:34","modified_gmt":"2022-03-27T14:07:34","slug":"fontana-compie-70-anni-e-si-racconta-dalla-nascita-della-lega-a-oggi","status":"publish","type":"post","link":"https:\/\/www.messinaoggi.it\/website\/2022\/03\/27\/fontana-compie-70-anni-e-si-racconta-dalla-nascita-della-lega-a-oggi\/","title":{"rendered":"Fontana compie 70 anni e si racconta, dalla nascita della Lega a oggi"},"content":{"rendered":"<div>MILANO (ITALPRESS)  &#8211; &#8220;Ho vissuto la Lega fin dai suoi esordi, ben prima dell&#8217;anno di nascita della Lega Nord che ha federato i movimenti nati nelle regioni, come la Lega Lombarda. Ho iniziato come avvocato del partito, prima ancora che esso nascesse, ho avuto ottimi rapporti con Umberto Bossi, con Roberto Maroni, con Giuseppe Leoni. Ho preso parte, quindi, alla sua creazione e al percorso entusiasmante dei primi tempi, quasi pionieristic\u00ec. Si racconta cos\u00ec in un&#8217;intervista esclusiva all&#8217;agenzia Italpress il presidente della Regione Lombardia, Attilio Fontana, che domani (luned\u00ec) compir\u00e0 70 anni, un traguardo al quale arriva con una lunga carriera politica alle spalle, tra le file della Lega, partito fondato nel lontano 1991 con aspirazioni indipendentiste.  &#8220;All&#8217;epoca &#8211; continua Fontana &#8211; il motore era quello della rappresentanza dei territori e delle comunit\u00e0 all&#8217;insegna delle identit\u00e0. Questi principi restano saldi e mi hanno sempre guidato nella vita di amministratore. Sono principi che, faccio notare, si stanno dimostrando sempre pi\u00f9 attuali e forti&#8221;.  <br \/>In riferimento alla Lega &#8216;nazional\u00e8 plasmata, anche con un nuovo nome (senza il &#8216;Nord&#8217;), dall&#8217;attuale segretario della Lega Matteo Salvini, il governatore della Lombardia, seppur orgoglioso leghista della prima ora, non ha alcun dubbio. &#8220;L&#8217;evoluzione del partito \u00e8 stato un percorso che ci ha portato ad essere una delle forze politiche pi\u00f9 rilevanti a livello nazionale, e credo che stiamo raggiungendo quei risultati per i quali all&#8217;inizio ci battemmo con tanta determinazione. Ringrazio tutti quelli che hanno dato un loro contributo fondamentale e sostanziale a questa grande &#8216;stori\u00e0&#8221;.  <br \/>Ricordando  quando, da sindaco di Varese (2006- 2016),  scese in piazza contro i tagli ai Comuni voluti dal Governo Berlusconi-Bossi, e quindi in  dissenso con il suo stesso partito a Roma, Fontana oggi commenta:  &#8220;Ho sempre accettato i ruoli istituzionali per spirito di servizio, sia come sindaco di Varese che come presidente di Regione, credo sia l&#8217;unica ricetta che possa aiutare a sostenere il peso di responsabilit\u00e0 che sono davvero molto gravose. In quella occasione, gli interessi dei cittadini rappresentati dai sindaci erano in contrasto con le decisioni del Governo. Non potevamo accettare tagli indiscriminati che si sarebbero tradotti in meno servizi per i cittadini, dalla scuola, all&#8217;assistenza, al trasporto, alla capacit\u00e0 di investimento dei Comuni. Oggi paghiamo le conseguenze di quella stagione, che vide protagonisti governi di diverso colore&#8221;.<br \/>Eletto presidente della Lombardia il 26 marzo 2018, con il 49,7% dei voti di un centrodestra compatto, contro il 29% del candidato di centrosinistra, il sindaco di Bergamo, Giorgio Gori,  facendo un bilancio di quattro anni alla guida della Regione,  Fontana \u00e8 soddisfatto. &#8220;Si sono concretizzati &#8211; continua Fontana all&#8217;Italpress &#8211; tutti i progetti avviati prima del Covid: dalle infrastrutture, all&#8217;acquisto dei nuovi treni per migliorare la mobilit\u00e0, l&#8217;impegno per abbattere le liste d&#8217;attesa di visite e prestazioni sanitarie che risale al 2019, alle azioni concrete per la semplificazione delle procedure e la sburocratizzazione a vantaggio di cittadini e imprese. Per non parlare della corsa vinta insieme al Veneto per portare le Olimpiadi invernali del 2026 nei nostri territori&#8221;. <br \/>Su questo punto il Presidente si sofferma volentieri. &#8220;L&#8217;iniziativa lombarda e veneta sembrava  un &#8216;salto nel bui\u00f2,  ricordo la telefonata fra me e il governatore del Veneto Luca Zaia per decidere: la nostra scelta fu quella di prenderci il grande rischio di finanziare quasi completamente come Regioni questo progetto. Senza quella decisione &#8216;azzardat\u00e0 oggi non avremmo i Giochi Olimpici invernali 2026. Quella telefonata tra me e Zaia per decidere \u00e8 rimasta, direi,  nella nostra storia.  Da l\u00ec \u00e8 nata una proposta Olimpica e Paralimpica completamente innovativa: distribuita su pi\u00f9 territori, con due citt\u00e0 e non solo una come sempre avvenuto. A questa novit\u00e0 si \u00e8 aggiunta l&#8217;idea di organizzare la prima Olimpiade completamente sostenibile, utilizzando strutture preesistenti e con infrastrutture legate ai bisogni complessivi e preesistenti dei territori, senza cattedrali nel deserto. La grande sfida \u00e8 questa e il Cio (Comitato internazionale  olimpico) di questo progetto innovativo si \u00e8 innamorato subito. Furono giornate intense, faticose ma bellissime fino alla proclamazione di Losanna il 24 giugno del 2019. Tutta la delegazione &#8216;esplos\u00e8 di gioia. Iniziavamo una sfida meravigliosa. Difficile dimenticare quei momenti. Ne sono orgoglioso&#8221;. <br \/>Otto mesi dopo scoppia la pandemia. &#8220;Nella prima ondata non avevamo istruzioni su come affrontare un virus sconosciuto al mondo, n\u00e8 armi per combatterlo, ma ci siamo attrezzati, per primi&#8221;,  torna a  ricordare Fontana, che ora rivela &#8220;le angosce e le preoccupazioni delle lunghe notti trascorse a Palazzo Lombardia&#8221; perch\u00e8  oltre alla salute pubblica, le risposte da mettere in campo riguardavano anche l&#8217;economia lombarda, colpita da virus e chiusure.<br \/>&#8220;Il nostro sistema economico ha reagito alla pandemia con straordinaria forza ed efficacia alle previsioni negative di quei mesi difficili. I dati economici lo evidenziano tuttora con chiarezza, sia sul fronte produttivo che occupazionale. Su entrambi gli ambiti abbiamo attivato, sin dall&#8217;estate 2020,  molte iniziative, tra cui ristori integrativi a quelli del governo, sostegno al credito e, nella successiva fase di ripresa, lo straordinario piano di investimenti da 5 miliardi di euro &#8211; &#8216;il Piano Lombardi\u00e0 &#8211; per accelerare il rilancio della Locomotiva d&#8217;Italia&#8221;.   <br \/>Guardando al futuro, il presidente della Lombardia, tiene a citare in particolare due temi: digitalizzazione e ambiente. &#8220;Il nostro obiettivo \u00e8 costruire una Regione in cui tutti i territori sappiano attivare e far crescere i giovani talenti. Una Smartland in cui sia facile muoversi, in cui tutti abbiano connessioni materiali e digitali forti, che permettano di studiare, lavorare, vivere bene&#8221;.  Obiettivi, che devono, tuttavia,  fare i conti con &#8220;la crisi energetica iniziata lo scorso ottobre &#8211; sicuramente da carattere speculativo -, aggravata dall&#8217;invasione russa un Ucraina,  che ci impone scelte strategiche nuove ed urgenti per l&#8217;autosufficienza.  Bisogna accelerare con le politiche di transizione energetica. Sento molto questo tema che riguarda il nostro futuro, un futuro prossimo, non lontano. Abbiamo una grande responsabilit\u00e0 verso i giovani: siamo chiamati a decidere oggi,  ad agire subito, a proporre scenari differenti e a lavorare concretamente ogni giorno&#8221;.<br \/>Insistendo sul tema della transizione ecologica, il governatore sottolinea come  &#8220;i segnali d&#8217;allarme arrivavano da lontano, gi\u00e0 dagli anni &#8217;70, ma la politica non li ha colti. E ora non possiamo pi\u00f9 inseguire slogan di comodo, dobbiamo diventare &#8216;rivoluzionar\u00ec nella quotidianit\u00e0, ognuno deve portare il suo &#8216;matton\u00e8 per la costruzione di una &#8216;casa comun\u00e8 sicura.  L&#8217;avvio, qualche giorno fa,  dell&#8217;impianto per il biometano di Marcallo con Casone  \u00e8 un pezzo concreto di questo impegno, cos\u00ec come il sostegno alle comunit\u00e0 energetiche rinnovabili e la creazione di una Hydrogen Valley di Val Camonica. Qui  intendiamo anche realizzare in loco uno stabilimento per la produzione di idrogeno&#8221;.<br \/>Sul percorso di attuazione dell&#8217;autonomia, ancora inattuato dopo la &#8216;spint\u00e0 seguita ai referendum lombardo-veneti del 2017,   Fontana  risponde: &#8220;Quello che \u00e8 certo \u00e8 che la strada \u00e8 tracciata e non si torna indietro. Il governo sta studiando i meccanismi normativi per riprendere il cammino, coinvolgendo il Parlamento. Vedremo e valuteremo queste proposte.  Non possiamo permetterci soluzioni annacquate e vigileremo&#8221;. A fronte di tutte queste sfide, il presidente della Regione Lombardia resta per\u00f2 &#8216;abbottonat\u00f2 sulla sua possibile ricandidatura alle elezioni del 2023. &#8220;Posso dirle &#8211; conclude Fontana &#8211; che ho le energie per proseguire, ma questa decisione non l&#8217;ho ancora presa. Posso solo dire: riflessione in corso&#8221;.<br \/>(ITALPRESS).<\/div>\n<div id=\"div-gpt-ad-Messinaoggi.it-DSK-300x250-corpoart\" style=\"text-align:center;margin:0 auto;\"><\/div><\/p><div id=\"videoincontent\" style=\"clear:both\";><\/div>","protected":false},"excerpt":{"rendered":"<p>MILANO (ITALPRESS) &#8211; &#8220;Ho vissuto la Lega fin dai suoi esordi, ben prima dell&#8217;anno di nascita della Lega Nord che ha federato i movimenti nati nelle regioni, come la Lega Lombarda. Ho iniziato come avvocato del partito, prima ancora che esso nascesse, ho avuto ottimi rapporti con Umberto Bossi, con Roberto Maroni, con Giuseppe Leoni. [&hellip;]<\/p>\n","protected":false},"author":18,"featured_media":102198,"comment_status":"closed","ping_status":"closed","sticky":false,"template":"","format":"standard","meta":{"ub_ctt_via":"","_mi_skip_tracking":false},"categories":[446],"tags":[783],"featured_image_src":"https:\/\/www.messinaoggi.it\/website\/wp-content\/uploads\/2022\/03\/20220327_0587.jpg","author_info":{"display_name":"Admin","author_link":"https:\/\/www.messinaoggi.it\/website\/author\/admin\/"},"digistream_id":0,"digistream":false,"_links":{"self":[{"href":"https:\/\/www.messinaoggi.it\/website\/wp-json\/wp\/v2\/posts\/102197"}],"collection":[{"href":"https:\/\/www.messinaoggi.it\/website\/wp-json\/wp\/v2\/posts"}],"about":[{"href":"https:\/\/www.messinaoggi.it\/website\/wp-json\/wp\/v2\/types\/post"}],"author":[{"embeddable":true,"href":"https:\/\/www.messinaoggi.it\/website\/wp-json\/wp\/v2\/users\/18"}],"replies":[{"embeddable":true,"href":"https:\/\/www.messinaoggi.it\/website\/wp-json\/wp\/v2\/comments?post=102197"}],"version-history":[{"count":0,"href":"https:\/\/www.messinaoggi.it\/website\/wp-json\/wp\/v2\/posts\/102197\/revisions"}],"wp:featuredmedia":[{"embeddable":true,"href":"https:\/\/www.messinaoggi.it\/website\/wp-json\/wp\/v2\/media\/102198"}],"wp:attachment":[{"href":"https:\/\/www.messinaoggi.it\/website\/wp-json\/wp\/v2\/media?parent=102197"}],"wp:term":[{"taxonomy":"category","embeddable":true,"href":"https:\/\/www.messinaoggi.it\/website\/wp-json\/wp\/v2\/categories?post=102197"},{"taxonomy":"post_tag","embeddable":true,"href":"https:\/\/www.messinaoggi.it\/website\/wp-json\/wp\/v2\/tags?post=102197"}],"curies":[{"name":"wp","href":"https:\/\/api.w.org\/{rel}","templated":true}]}}