{"id":102195,"date":"2022-03-27T16:07:33","date_gmt":"2022-03-27T14:07:33","guid":{"rendered":"https:\/\/www.messinaoggi.it\/website\/2022\/03\/27\/conte-non-vogliamo-la-crisi-ma-draghi-ci-ascolti-sulla-spesa-militare\/"},"modified":"2022-03-27T16:07:33","modified_gmt":"2022-03-27T14:07:33","slug":"conte-non-vogliamo-la-crisi-ma-draghi-ci-ascolti-sulla-spesa-militare","status":"publish","type":"post","link":"https:\/\/www.messinaoggi.it\/website\/2022\/03\/27\/conte-non-vogliamo-la-crisi-ma-draghi-ci-ascolti-sulla-spesa-militare\/","title":{"rendered":"Conte \u201cNon vogliamo la crisi, ma Draghi ci ascolti sulla spesa militare\u201d"},"content":{"rendered":"<div>ROMA (ITALPRESS) &#8211; &#8220;Sul futuro dobbiamo discutere e mi confronter\u00f2 con il premier Draghi nei prossimi giorni, aprir\u00f2 un dibattito in Consiglio dei Ministri, la nostra delegazione rappresenter\u00e0 queste posizioni. Se qualcuno sta proponendo di rimodulare la spesa pubblica, ne possiamo discutere?&#8221;. Cos\u00ec Giuseppe Conte, presidente del M5S, a &#8220;Mezz&#8217;ora in pi\u00f9&#8221;, su Rai3, in merito alla sua contrariet\u00e0 all&#8217;aumento delle spese militari.<br \/>E alla domanda su cosa farebbe se il governo andasse avanti ugualmente ha risposto: &#8220;Se voto contro? Il M5S non pensa assolutamente a una crisi di governo, lo dico chiaramente nonostante quello che scrivono i giornali. Per\u00f2 siamo maggioranza relativa e se si tratta di un nuovo indirizzo non previsto nel patto fondativo di questo governo, faremo valere la forza delle nostre posizioni. Ribaltiamo: se non ci ascolta, il governo si assume la responsabilit\u00e0 di ridurre in fibrillazione la maggioranza. Perch\u00e8 dobbiamo parlare di crisi di governo in un momento tanto delicato?&#8221;, ha detto ancora Conte.<br \/>&#8220;I cittadini non arrivano a fine mese, i cittadini mi fermano per strada, come si pu\u00f2 pensare ad aumentare le spese militari? Io sto parlando nettamente e sto parlando di un tema politico mai discusso prima da quando \u00e8 nato questo governo e ci deve essere l&#8217;accordo del M5S&#8221;, ha sottolineato l&#8217;ex premier.<br \/>&#8220;Io non ho mai messo in dubbio che gli accordi presi con la Nato siano da rispettare, ma la tempistica ipotizzata otto anni fa non pu\u00f2 essere un dogma indiscutibile &#8211; ha aggiunto -. I nostri alleati conoscono la sofferenza dell&#8217;Italia dopo due anni di pandemia, le difficolt\u00e0 maggiori rispetto ad altri Paesi&#8221;.<br \/>(ITALPRESS).<\/div>\n<div id=\"div-gpt-ad-Messinaoggi.it-DSK-300x250-corpoart\" style=\"text-align:center;margin:0 auto;\"><\/div><\/p><div id=\"videoincontent\" style=\"clear:both\";><\/div>","protected":false},"excerpt":{"rendered":"<p>ROMA (ITALPRESS) &#8211; &#8220;Sul futuro dobbiamo discutere e mi confronter\u00f2 con il premier Draghi nei prossimi giorni, aprir\u00f2 un dibattito in Consiglio dei Ministri, la nostra delegazione rappresenter\u00e0 queste posizioni. Se qualcuno sta proponendo di rimodulare la spesa pubblica, ne possiamo discutere?&#8221;. Cos\u00ec Giuseppe Conte, presidente del M5S, a &#8220;Mezz&#8217;ora in pi\u00f9&#8221;, su Rai3, in [&hellip;]<\/p>\n","protected":false},"author":18,"featured_media":102196,"comment_status":"closed","ping_status":"closed","sticky":false,"template":"","format":"standard","meta":{"ub_ctt_via":"","_mi_skip_tracking":false},"categories":[446],"tags":[783],"featured_image_src":"https:\/\/www.messinaoggi.it\/website\/wp-content\/uploads\/2022\/03\/20220327_0531.jpg","author_info":{"display_name":"Admin","author_link":"https:\/\/www.messinaoggi.it\/website\/author\/admin\/"},"digistream_id":0,"digistream":false,"_links":{"self":[{"href":"https:\/\/www.messinaoggi.it\/website\/wp-json\/wp\/v2\/posts\/102195"}],"collection":[{"href":"https:\/\/www.messinaoggi.it\/website\/wp-json\/wp\/v2\/posts"}],"about":[{"href":"https:\/\/www.messinaoggi.it\/website\/wp-json\/wp\/v2\/types\/post"}],"author":[{"embeddable":true,"href":"https:\/\/www.messinaoggi.it\/website\/wp-json\/wp\/v2\/users\/18"}],"replies":[{"embeddable":true,"href":"https:\/\/www.messinaoggi.it\/website\/wp-json\/wp\/v2\/comments?post=102195"}],"version-history":[{"count":0,"href":"https:\/\/www.messinaoggi.it\/website\/wp-json\/wp\/v2\/posts\/102195\/revisions"}],"wp:featuredmedia":[{"embeddable":true,"href":"https:\/\/www.messinaoggi.it\/website\/wp-json\/wp\/v2\/media\/102196"}],"wp:attachment":[{"href":"https:\/\/www.messinaoggi.it\/website\/wp-json\/wp\/v2\/media?parent=102195"}],"wp:term":[{"taxonomy":"category","embeddable":true,"href":"https:\/\/www.messinaoggi.it\/website\/wp-json\/wp\/v2\/categories?post=102195"},{"taxonomy":"post_tag","embeddable":true,"href":"https:\/\/www.messinaoggi.it\/website\/wp-json\/wp\/v2\/tags?post=102195"}],"curies":[{"name":"wp","href":"https:\/\/api.w.org\/{rel}","templated":true}]}}