{"id":102193,"date":"2022-03-27T14:07:34","date_gmt":"2022-03-27T12:07:34","guid":{"rendered":"https:\/\/www.messinaoggi.it\/website\/2022\/03\/27\/un-centro-di-ricerca-e-due-campus-leredita-dellitalia-a-expo-dubai\/"},"modified":"2022-03-27T14:07:34","modified_gmt":"2022-03-27T12:07:34","slug":"un-centro-di-ricerca-e-due-campus-leredita-dellitalia-a-expo-dubai","status":"publish","type":"post","link":"https:\/\/www.messinaoggi.it\/website\/2022\/03\/27\/un-centro-di-ricerca-e-due-campus-leredita-dellitalia-a-expo-dubai\/","title":{"rendered":"Un centro di ricerca e due campus, l\u2019eredit\u00e0 dell\u2019Italia a Expo Dubai"},"content":{"rendered":"<div>DUBAI (EMIRATI ARABI) (ITALPRESS) &#8211; A Expo 2020 Dubai, la prima Esposizione Universale nel mondo arabo che chiude il 31 marzo, l&#8217;Italia \u00e8 stata leader del gruppo dei Paesi che hanno scelto la formazione come tema centrale della loro partecipazione. Oggi il Forum &#8220;Beyond Expo 2020, Education as Legacy&#8221;, a Padiglione Italia, \u00e8 stata l&#8217;occasione per fare il punto sui principali accordi, progetti e impegni che, nel corso del semestre, le universit\u00e0 e gli enti di ricerca italiani hanno raggiunto a livello internazionale.<br \/>\u00abSappiamo tutti quanto sia stata importante questa esperienza, con una fase di pandemia ancora in corso, per le Universit\u00e0, gli Enti di Ricerca e le Istituzioni di Alta Formazione che hanno mostrato al mondo le competenze scientifiche del sistema italiano di ricerca e di alta formazione, qui a Dubai\u00bb ha detto il Ministro dell&#8217;Universit\u00e0 e della Ricerca, Maria Cristina Messa.<br \/>\u00abIl nostro obiettivo era quello di diffondere la nostra eccellenza, consapevoli che l&#8217;Italia \u00e8 un ecosistema efficace, produttivo e attraente per gli attori internazionali, sia come investitori che come partner: crediamo di esserci riusciti. Ora, per\u00f2, vogliamo essere ancora pi\u00f9 ambiziosi e desideriamo che la nostra partecipazione a Expo porti risultati concreti per il futuro dell&#8217;alta formazione e della ricerca\u00bb.<br \/>Sono tre i progetti di ricerca e alta formazione nella regione mediorientale previsti quale eredit\u00e0 della partecipazione italiana a Expo 2020 Dubai: la realizzazione di un campus arabo-mediterraneo, di un centro di ricerca e alta formazione per la digitalizzazione e ricostruzione dei beni culturali e per la produzione artistica e culturale legata all&#8217;intelligenza artificiale e alle nuove tecnologie e di un campus di ricerca e alta formazione sulla trasformazione del cibo.<br \/>\u00abQuesti progetti che guardano al futuro sono nati grazie anche a un&#8217;idea sviluppata in sinergia con il parlamento italiano e per cui sono stati stanziati 7 milioni di euro, dal 2022 al 2026, per darne l&#8217;avvio\u00bb ha aggiunto il Ministro. \u00abExpo ha dimostrato come l&#8217;Italia sia un Paese dalla grande capacit\u00e0 attrattiva, non solo per la bellezza del territorio e per il patrimonio culturale, ma anche perch\u00e8 la scienza e la tecnologia \u00e8 capace di andare al di l\u00e0 di ogni confine e unire nel produrre innovazione e diffondere cultura. Da qui, vorrei lanciare proprio questo messaggio: la diplomazia e la competenza scientifica come valore trasversale. Portiamo al centro l&#8217;azione instancabile e i desideri dei nostri giovani, sono le migliori armi per tornare alla pace\u00bb.<br \/>Alla presenza del ministro Messa e del ministro dell&#8217;Economia emiratino, Abdulla bin Touq Al Marri, la presidente del CNR, Maria Chiara Carrozza, e il Sottosegretario all&#8217;Economia, Abdulla Al Saleh, hanno firmato un protocollo d&#8217;intesa di cooperazione scientifica per sviluppare programmi e scambi di ricerca congiunti.<br \/>(ITALPRESS).<\/div>\n<div id=\"div-gpt-ad-Messinaoggi.it-DSK-300x250-corpoart\" style=\"text-align:center;margin:0 auto;\"><\/div><\/p><div id=\"videoincontent\" style=\"clear:both\";><\/div>","protected":false},"excerpt":{"rendered":"<p>DUBAI (EMIRATI ARABI) (ITALPRESS) &#8211; A Expo 2020 Dubai, la prima Esposizione Universale nel mondo arabo che chiude il 31 marzo, l&#8217;Italia \u00e8 stata leader del gruppo dei Paesi che hanno scelto la formazione come tema centrale della loro partecipazione. Oggi il Forum &#8220;Beyond Expo 2020, Education as Legacy&#8221;, a Padiglione Italia, \u00e8 stata l&#8217;occasione [&hellip;]<\/p>\n","protected":false},"author":18,"featured_media":102194,"comment_status":"closed","ping_status":"closed","sticky":false,"template":"","format":"standard","meta":{"ub_ctt_via":"","_mi_skip_tracking":false},"categories":[446],"tags":[783],"featured_image_src":"https:\/\/www.messinaoggi.it\/website\/wp-content\/uploads\/2022\/03\/20220327_0264.jpg","author_info":{"display_name":"Admin","author_link":"https:\/\/www.messinaoggi.it\/website\/author\/admin\/"},"digistream_id":0,"digistream":false,"_links":{"self":[{"href":"https:\/\/www.messinaoggi.it\/website\/wp-json\/wp\/v2\/posts\/102193"}],"collection":[{"href":"https:\/\/www.messinaoggi.it\/website\/wp-json\/wp\/v2\/posts"}],"about":[{"href":"https:\/\/www.messinaoggi.it\/website\/wp-json\/wp\/v2\/types\/post"}],"author":[{"embeddable":true,"href":"https:\/\/www.messinaoggi.it\/website\/wp-json\/wp\/v2\/users\/18"}],"replies":[{"embeddable":true,"href":"https:\/\/www.messinaoggi.it\/website\/wp-json\/wp\/v2\/comments?post=102193"}],"version-history":[{"count":0,"href":"https:\/\/www.messinaoggi.it\/website\/wp-json\/wp\/v2\/posts\/102193\/revisions"}],"wp:featuredmedia":[{"embeddable":true,"href":"https:\/\/www.messinaoggi.it\/website\/wp-json\/wp\/v2\/media\/102194"}],"wp:attachment":[{"href":"https:\/\/www.messinaoggi.it\/website\/wp-json\/wp\/v2\/media?parent=102193"}],"wp:term":[{"taxonomy":"category","embeddable":true,"href":"https:\/\/www.messinaoggi.it\/website\/wp-json\/wp\/v2\/categories?post=102193"},{"taxonomy":"post_tag","embeddable":true,"href":"https:\/\/www.messinaoggi.it\/website\/wp-json\/wp\/v2\/tags?post=102193"}],"curies":[{"name":"wp","href":"https:\/\/api.w.org\/{rel}","templated":true}]}}