{"id":102191,"date":"2022-03-27T13:07:42","date_gmt":"2022-03-27T11:07:42","guid":{"rendered":"https:\/\/www.messinaoggi.it\/website\/2022\/03\/27\/papa-francesco-abolire-la-guerra-prima-che-cancelli-luomo-dalla-storia\/"},"modified":"2022-03-27T13:07:42","modified_gmt":"2022-03-27T11:07:42","slug":"papa-francesco-abolire-la-guerra-prima-che-cancelli-luomo-dalla-storia","status":"publish","type":"post","link":"https:\/\/www.messinaoggi.it\/website\/2022\/03\/27\/papa-francesco-abolire-la-guerra-prima-che-cancelli-luomo-dalla-storia\/","title":{"rendered":"Papa Francesco \u201cAbolire la guerra prima che cancelli l\u2019uomo dalla storia\u201d"},"content":{"rendered":"<div>ROMA (ITALPRESS) &#8211; &#8220;E&#8217; passato pi\u00f9 di un mese dall&#8217;invasione dell&#8217;Ucraina, di questa guerra crudele e insensata, che rappresenta una sconfitta per tutti noi. C&#8217;\u00e8 bisogno di ripudiare la guerra, luogo di morte dove padri e madri seppelliscono i figli, dove uomini uccidono i loro fratelli senza averli nemmeno visti, dove i potenti decidono e i poveri muoiono&#8221;. Lo ha detto Papa Francesco nel corso dell&#8217;Angelus in Piazza San Pietro. &#8220;La guerra non devasta solo il presente, ma anche l&#8217;avvenire della societ\u00e0. Un bambino su due \u00e8 stato sfollato dal Paese, significa distruggere il futuro e provocare traumi tra i pi\u00f9 piccoli e innocenti. Ecco la bestialit\u00e0 della guerra, atto barbaro e sacrilego &#8211; ha aggiunto il Santo Padre -. Non pu\u00f2 essere qualcosa di inevitabile, non dobbiamo abituarci e dobbiamo convertire lo sdegno di oggi nell&#8217;impegno di domani. Se da questa vicenda usciremo come prima saremo in qualche modo tutti colpevoli&#8221;. E ancora: &#8220;Di fronte al pericolo di autodistruggersi l&#8217;umanit\u00e0 comprenda che \u00e8 giunto il momento di abolire la guerra, di cancellarla dalla storia dell&#8217;uomo prima che sia lei a cancellare l&#8217;uomo dalla storia &#8211; ha sottolineato il Papa -. Prego ogni responsabile politico di riflettere su questo, e guardando alla martoriata Ucraina come ogni giorno di guerra peggiora la situazione di tutti. Rinnovo il mio appello: basta, ci si fermi, tacciano le armi, si tratti seriamente per la pace&#8221;.  <br \/>(ITALPRESS).<\/div>\n<div id=\"div-gpt-ad-Messinaoggi.it-DSK-300x250-corpoart\" style=\"text-align:center;margin:0 auto;\"><\/div><\/p><div id=\"videoincontent\" style=\"clear:both\";><\/div>","protected":false},"excerpt":{"rendered":"<p>ROMA (ITALPRESS) &#8211; &#8220;E&#8217; passato pi\u00f9 di un mese dall&#8217;invasione dell&#8217;Ucraina, di questa guerra crudele e insensata, che rappresenta una sconfitta per tutti noi. C&#8217;\u00e8 bisogno di ripudiare la guerra, luogo di morte dove padri e madri seppelliscono i figli, dove uomini uccidono i loro fratelli senza averli nemmeno visti, dove i potenti decidono e [&hellip;]<\/p>\n","protected":false},"author":18,"featured_media":102192,"comment_status":"closed","ping_status":"closed","sticky":false,"template":"","format":"standard","meta":{"ub_ctt_via":"","_mi_skip_tracking":false},"categories":[446],"tags":[783],"featured_image_src":"https:\/\/www.messinaoggi.it\/website\/wp-content\/uploads\/2022\/03\/20220327_0201.jpg","author_info":{"display_name":"Admin","author_link":"https:\/\/www.messinaoggi.it\/website\/author\/admin\/"},"digistream_id":0,"digistream":false,"_links":{"self":[{"href":"https:\/\/www.messinaoggi.it\/website\/wp-json\/wp\/v2\/posts\/102191"}],"collection":[{"href":"https:\/\/www.messinaoggi.it\/website\/wp-json\/wp\/v2\/posts"}],"about":[{"href":"https:\/\/www.messinaoggi.it\/website\/wp-json\/wp\/v2\/types\/post"}],"author":[{"embeddable":true,"href":"https:\/\/www.messinaoggi.it\/website\/wp-json\/wp\/v2\/users\/18"}],"replies":[{"embeddable":true,"href":"https:\/\/www.messinaoggi.it\/website\/wp-json\/wp\/v2\/comments?post=102191"}],"version-history":[{"count":0,"href":"https:\/\/www.messinaoggi.it\/website\/wp-json\/wp\/v2\/posts\/102191\/revisions"}],"wp:featuredmedia":[{"embeddable":true,"href":"https:\/\/www.messinaoggi.it\/website\/wp-json\/wp\/v2\/media\/102192"}],"wp:attachment":[{"href":"https:\/\/www.messinaoggi.it\/website\/wp-json\/wp\/v2\/media?parent=102191"}],"wp:term":[{"taxonomy":"category","embeddable":true,"href":"https:\/\/www.messinaoggi.it\/website\/wp-json\/wp\/v2\/categories?post=102191"},{"taxonomy":"post_tag","embeddable":true,"href":"https:\/\/www.messinaoggi.it\/website\/wp-json\/wp\/v2\/tags?post=102191"}],"curies":[{"name":"wp","href":"https:\/\/api.w.org\/{rel}","templated":true}]}}