{"id":102175,"date":"2022-03-27T09:07:37","date_gmt":"2022-03-27T07:07:37","guid":{"rendered":"https:\/\/www.messinaoggi.it\/website\/2022\/03\/27\/toti-chi-non-vuole-aiutare-zelensky-non-festeggi-il-25-aprile\/"},"modified":"2022-03-27T09:07:37","modified_gmt":"2022-03-27T07:07:37","slug":"toti-chi-non-vuole-aiutare-zelensky-non-festeggi-il-25-aprile","status":"publish","type":"post","link":"https:\/\/www.messinaoggi.it\/website\/2022\/03\/27\/toti-chi-non-vuole-aiutare-zelensky-non-festeggi-il-25-aprile\/","title":{"rendered":"Toti \u201cChi non vuole aiutare Zelensky non festeggi il 25 aprile\u201d"},"content":{"rendered":"<div>GENOVA (ITALPRESS) &#8211; &#8220;Chi critica la fornitura di armi ai combattenti ucraini che difendono il loro Paese, chi critica l&#8217;aumento delle spese militari per difendere le nostre democrazie, allora non festeggi il 25 aprile&#8221;. Cos\u00ec, in una intervista al quotidiano la Repubblica, il presidente della Regione Liguria, Giovanni Toti, che entra in rotta di collisione con l&#8217;Anpi. <br \/>&#8220;Dire a noi, che celebriamo il 25 aprile come momento fondativo della nostra unit\u00e0 nazionale e di tutti i valori che ci rappresentano, che non dovremmo dare agli ucraini le stesse armi e le stesse condizioni di allora per potersi difendere da un&#8217;invasione, non \u00e8 neppure un tema politico, ma prepolitico, direi quasi aristotelico &#8211; sottolinea Toti -. E lo dico parlando da Genova, citt\u00e0 medaglia d&#8217;oro della Resistenza, che si \u00e8 liberata prima che arrivassero le truppe alleate, con gli operai che hanno occupato gli stabilimenti e il porto, con quelle armi paracadutate sulle montagne della Liguria e del basso Piemonte dai Dakota americani e inglesi. Per questo dico: attenti, amici del &#8216;n\u00e8 n\u00e8&#8217;, della neutralit\u00e0 ostentata e del pacifismo un p\u00f2 peloso: a Kiev si combatte per la libert\u00e0 di una nazione e anche, un p\u00f2, per la salvaguardia della coerenza&#8221;.<br \/>Quando il presidente Zelensky ha paragonato Mariupol a Genova, aggiunge Toti, &#8220;ho avuto i brividi: un&#8217;immagine brutale che per\u00f2 ha reso l&#8217;idea di quanto stia provando quella nazione. Non ci possono essere sfumature: c&#8217;\u00e8 un popolo aggredito ed \u00e8 quello ucraino e c&#8217;\u00e8 un governo e uno Stato aggressore, che \u00e8 quello della Russia. Se pur speriamo che prevalga la ragionevolezza, il governo italiano, l&#8217;Ue e l&#8217;Occidente devono continuare a fare, con determinazione, ci\u00f2 che hanno fatto fino ad oggi. Basta con tutti i no, che inchiodano il Paese&#8221;.<br \/>In merito agli ambientalisti, prosegue Toti, &#8220;penso ai nostri pozzi e alle trivelle: devono funzionare. Bene l&#8217;accordo con gli Usa per un&#8217;ulteriore fornitura energetica che ci aiuti a uscire da una logica che ha impedito all&#8217;Italia di utilizzare anche le risorse che ha&#8221;. Da qui la nascita di Italia al Centro, &#8220;\u00e8 un passaggio per costruire quel centro politico che \u00e8 mancato negli ultimi 10 anni in questo Paese e senza il quale non usciremo da una crisi di sistema ormai cronica. E&#8217; un movimento che vuole mettere insieme tanti movimenti politici. Si ispira alla teoria del ruscello, un partito che nasce dalla confluenza di tanti ruscelli, esperienze di amministrazioni locali, per dare una proposta politica all&#8217;insegna di valori popolari, riformisti e liberali&#8221;. Il centrodestra per Toti &#8220;non si \u00e8 sciolto, come si vuol fare credere, durante l&#8217;elezione del presidente della Repubblica, ma nei due governi precedenti. Ma: qual \u00e8 il centrodestra? Quello dei vaccini o quello che dice che c&#8217;\u00e8 una dittatura sanitaria? Che crede nelle riforme di Draghi o che le contesta tutte? Al di l\u00e0 di qualche buona esperienza amministrativa, come quelle della Liguria, ho difficolt\u00e0 a pensare, oggi, Fi, Lega ed altri su un palco insieme&#8221;.<br \/>(ITALPRESS).<\/div>\n<div id=\"div-gpt-ad-Messinaoggi.it-DSK-300x250-corpoart\" style=\"text-align:center;margin:0 auto;\"><\/div><\/p><div id=\"videoincontent\" style=\"clear:both\";><\/div>","protected":false},"excerpt":{"rendered":"<p>GENOVA (ITALPRESS) &#8211; &#8220;Chi critica la fornitura di armi ai combattenti ucraini che difendono il loro Paese, chi critica l&#8217;aumento delle spese militari per difendere le nostre democrazie, allora non festeggi il 25 aprile&#8221;. Cos\u00ec, in una intervista al quotidiano la Repubblica, il presidente della Regione Liguria, Giovanni Toti, che entra in rotta di collisione [&hellip;]<\/p>\n","protected":false},"author":18,"featured_media":102176,"comment_status":"closed","ping_status":"closed","sticky":false,"template":"","format":"standard","meta":{"ub_ctt_via":"","_mi_skip_tracking":false},"categories":[446],"tags":[783],"featured_image_src":"https:\/\/www.messinaoggi.it\/website\/wp-content\/uploads\/2022\/03\/20220327_0071.jpg","author_info":{"display_name":"Admin","author_link":"https:\/\/www.messinaoggi.it\/website\/author\/admin\/"},"digistream_id":0,"digistream":false,"_links":{"self":[{"href":"https:\/\/www.messinaoggi.it\/website\/wp-json\/wp\/v2\/posts\/102175"}],"collection":[{"href":"https:\/\/www.messinaoggi.it\/website\/wp-json\/wp\/v2\/posts"}],"about":[{"href":"https:\/\/www.messinaoggi.it\/website\/wp-json\/wp\/v2\/types\/post"}],"author":[{"embeddable":true,"href":"https:\/\/www.messinaoggi.it\/website\/wp-json\/wp\/v2\/users\/18"}],"replies":[{"embeddable":true,"href":"https:\/\/www.messinaoggi.it\/website\/wp-json\/wp\/v2\/comments?post=102175"}],"version-history":[{"count":0,"href":"https:\/\/www.messinaoggi.it\/website\/wp-json\/wp\/v2\/posts\/102175\/revisions"}],"wp:featuredmedia":[{"embeddable":true,"href":"https:\/\/www.messinaoggi.it\/website\/wp-json\/wp\/v2\/media\/102176"}],"wp:attachment":[{"href":"https:\/\/www.messinaoggi.it\/website\/wp-json\/wp\/v2\/media?parent=102175"}],"wp:term":[{"taxonomy":"category","embeddable":true,"href":"https:\/\/www.messinaoggi.it\/website\/wp-json\/wp\/v2\/categories?post=102175"},{"taxonomy":"post_tag","embeddable":true,"href":"https:\/\/www.messinaoggi.it\/website\/wp-json\/wp\/v2\/tags?post=102175"}],"curies":[{"name":"wp","href":"https:\/\/api.w.org\/{rel}","templated":true}]}}