{"id":102173,"date":"2022-03-26T23:21:12","date_gmt":"2022-03-26T22:21:12","guid":{"rendered":"http:\/\/www.messinaoggi.it\/website\/?p=102173"},"modified":"2022-03-26T23:21:13","modified_gmt":"2022-03-26T22:21:13","slug":"messina-latina-mister-raciti-i-ragazzi-sono-concentrati-e-con-grande-voglia","status":"publish","type":"post","link":"https:\/\/www.messinaoggi.it\/website\/2022\/03\/26\/messina-latina-mister-raciti-i-ragazzi-sono-concentrati-e-con-grande-voglia\/","title":{"rendered":"Messina-Latina, mister Raciti: &#8220;I ragazzi sono concentrati e con grande voglia&#8221;"},"content":{"rendered":"\n<p>Pragmatico mister Raciti dal ritiro in preparazione alla gara con il Latina. Il tecnico mantiene un chiaro riserbo sull\u2019undici da mandare in campo, con la convinzione di poter fare bene.<div id=\"div-gpt-ad-Messinaoggi.it-DSK-300x250-corpoart\" style=\"text-align:center;margin:0 auto;\"><\/div><\/p>\n\n\n\n<p><strong>Dopo tanti problemi tra infortuni e positivit\u00e0 al covid, domani avr\u00e0 la rosa al completo\u2026<\/strong><div id=\"videoincontent\" style=\"clear:both\";><\/div><\/p>\n\n\n\n<p>E\u2019 meglio avere la possibilit\u00e0 di scegliere in una rosa ampia, questa settimana tutti disponibili, meglio avere questa abbondanza che soffrire per il numero ristretto.<\/p>\n\n\n\n<p><strong>Il Latina potrebbe attuare la stessa tattica messa in campo dagli avversari nell\u2019ultima gara casalinga<\/strong><\/p>\n\n\n\n<p>Questa \u00e8 una squadra con un percorso importante, il girone di ritorno con molte vittorie, ha recuperato, nelle ultime ha avuto una flessione, spero che non gli sia terminata. Una partita difficile, vi rendete conto che noi dobbiamo fare la partita essere aggressivi ed alla fine gioire. Rimangono cinque partite, adesso dobbiamo pensare a questa che \u00e8 una finale che giochiamo in casa e dobbiamo mettere tutto quello che abbiamo per cercare di vincerla.  Pensiamo a questa partita, cerchiamo di essere positivi, poi penseremo alla prossima. I ragazzi sono concentrati e con grande voglia, speriamo che queste sensazioni siano vere e prendere questi 3 punti che sono fondamentali.<\/p>\n\n\n\n<p><strong>Piovaccari sar\u00e0 in campo dall\u2019inizio?<\/strong><\/p>\n\n\n\n<p>Dipende se decider\u00f2 di giocare con due attaccanti o con un\u2019attaccante, se metterlo dall\u2019inizio od a partita iniziata, la notte porta consiglio ed hanno tutti la stessa possibilit\u00e0.<\/p>\n\n\n\n<p><strong>Cosa si aspetta dal pubblico? Come la societ\u00e0 sta preparando la gara?<\/strong><\/p>\n\n\n\n<p>La societ\u00e0 ha provato a farci stare bene, ha creato le condizioni per preparare la partita al meglio. Tutti insieme stiamo facendo gruppo per affrontare questa partita. Spero che i tifosi siano di pi\u00f9 anche se fino ad ora sono stati eccezionali, a fine partita ci hanno sempre applaudito, noi abbiamo bisogno di energia positiva e loro sono riusciti a trasmettercela.<\/p>\n\n\n\n<p><strong>Come affronter\u00e0 la gara il Messina<\/strong>?<\/p>\n\n\n\n<p>Questa  \u00e8 una squadra che quando \u00e8 in possesso del pallone riesce ad esprimersi anche bene. Per poter essere cattivi al punto giusto, ho detto ai ragazzi che bisogna fare ancor di pi\u00f9, nella fase di non possesso e di vincere tutti i duelli, la determinazione deve essere la nostra forza.<\/p>\n\n\n\n<p><strong>Come sar\u00e0 la classifica domani sera?<\/strong><\/p>\n\n\n\n<p>Posso dire cosa spero, cio\u00e8 avere tre punti in pi\u00f9. Noi, per\u00f2, dobbiamo guardare la nostra classifica, pensare alle nostre partite e saremo artefici del nostro destino. Domani cercheremo di accaparrarci questi tre punti e poi vedremo. Dobbiamo pensare di uscirne prima della fine del campionato, credo che abbiamo la possibilit\u00e0 di riuscirci. Domani non possiamo metterci tutto dentro, sara un \u201cmorte tua, vita mia\u201d.<\/p>\n\n\n\n<p><strong>Teme che i giocatori sentano il peso della responsabilit\u00e0?<\/strong><\/p>\n\n\n\n<p>I ragazzi sanno l\u2019importanza della partita, la preparano nel modo giusto, abbiamo visto gli errori che abbiamo fatto, sappiamo come loro giocano. Sono convinto che avranno la giusta concentrazione ed la giusta cattiveria sportiva.<\/p>\n\n\n\n<p>Raciti ha convocato 23 calciatori per la gara di domani, domenica 27 marzo, contro il Latina con inizio fissato alle ore 14:30.<br><strong>Di seguito la lista completa dei convocati:<\/strong><\/p>\n\n\n\n<p>PORTIERI: 12. Caruso Leonardo, 22. Lewandowski Michal;<\/p>\n\n\n\n<p>DIFENSORI: 2. Morelli Gabriele, 3. Goncalves Tiago, 13. Carillo Luigi, 16. Camilleri Vincenzo, 18. Celic Maks,<br>19. Angileri Antony, 21. Rondinella Gennaro, 23. Trasciani Daniele.<\/p>\n\n\n\n<p>CENTROCAMPISTI: 6. Fofana Lamine, 8. Simonetti Lorenzo, 10. Damian Filippo, 14. Konate Amara, 26. Fazzi<br>Nicol\u00f2, 77. Statella Giuseppe, 91. Rizzo Giuseppe<\/p>\n\n\n\n<p>ATTACCANTI: 7. Russo Raffaele, 9. Adorante Andrea, 11. Balde Ibourahima, 17. Busatto Tommaso, 20. Catania<br>Lorenzo, 99. Piovaccari Federico.<\/p>\n","protected":false},"excerpt":{"rendered":"<p>Pragmatico mister Raciti dal ritiro in preparazione alla gara con il Latina. Il tecnico mantiene un chiaro riserbo sull\u2019undici da mandare in campo, con la convinzione di poter fare bene. Dopo tanti problemi tra infortuni e positivit\u00e0 al covid, domani avr\u00e0 la rosa al completo\u2026 E\u2019 meglio avere la possibilit\u00e0 di scegliere in una rosa [&hellip;]<\/p>\n","protected":false},"author":2,"featured_media":4338,"comment_status":"open","ping_status":"open","sticky":false,"template":"","format":"standard","meta":{"ub_ctt_via":"","_mi_skip_tracking":false},"categories":[10,9],"tags":[3514,602,4213],"featured_image_src":"https:\/\/www.messinaoggi.it\/website\/wp-content\/uploads\/2017\/07\/Raciti-2.jpg","author_info":{"display_name":"Redazione","author_link":"https:\/\/www.messinaoggi.it\/website\/author\/redazione\/"},"digistream_id":0,"digistream":false,"_links":{"self":[{"href":"https:\/\/www.messinaoggi.it\/website\/wp-json\/wp\/v2\/posts\/102173"}],"collection":[{"href":"https:\/\/www.messinaoggi.it\/website\/wp-json\/wp\/v2\/posts"}],"about":[{"href":"https:\/\/www.messinaoggi.it\/website\/wp-json\/wp\/v2\/types\/post"}],"author":[{"embeddable":true,"href":"https:\/\/www.messinaoggi.it\/website\/wp-json\/wp\/v2\/users\/2"}],"replies":[{"embeddable":true,"href":"https:\/\/www.messinaoggi.it\/website\/wp-json\/wp\/v2\/comments?post=102173"}],"version-history":[{"count":1,"href":"https:\/\/www.messinaoggi.it\/website\/wp-json\/wp\/v2\/posts\/102173\/revisions"}],"predecessor-version":[{"id":102174,"href":"https:\/\/www.messinaoggi.it\/website\/wp-json\/wp\/v2\/posts\/102173\/revisions\/102174"}],"wp:featuredmedia":[{"embeddable":true,"href":"https:\/\/www.messinaoggi.it\/website\/wp-json\/wp\/v2\/media\/4338"}],"wp:attachment":[{"href":"https:\/\/www.messinaoggi.it\/website\/wp-json\/wp\/v2\/media?parent=102173"}],"wp:term":[{"taxonomy":"category","embeddable":true,"href":"https:\/\/www.messinaoggi.it\/website\/wp-json\/wp\/v2\/categories?post=102173"},{"taxonomy":"post_tag","embeddable":true,"href":"https:\/\/www.messinaoggi.it\/website\/wp-json\/wp\/v2\/tags?post=102173"}],"curies":[{"name":"wp","href":"https:\/\/api.w.org\/{rel}","templated":true}]}}