{"id":102145,"date":"2022-03-26T13:07:42","date_gmt":"2022-03-26T12:07:42","guid":{"rendered":"https:\/\/www.messinaoggi.it\/website\/2022\/03\/26\/torna-lincubo-leucemia-per-mihajlovic-le-daro-unaltra-lezione\/"},"modified":"2022-03-26T13:07:42","modified_gmt":"2022-03-26T12:07:42","slug":"torna-lincubo-leucemia-per-mihajlovic-le-daro-unaltra-lezione","status":"publish","type":"post","link":"https:\/\/www.messinaoggi.it\/website\/2022\/03\/26\/torna-lincubo-leucemia-per-mihajlovic-le-daro-unaltra-lezione\/","title":{"rendered":"Torna l\u2019incubo leucemia per Mihajlovic \u201cLe dar\u00f2 un\u2019altra lezione\u201d"},"content":{"rendered":"<div>BOLOGNA (ITALPRESS) &#8211; La leucemia \u00e8 tornata a bussare alla porta di Sinisa Mihajlovic. Due anni e mezzo dopo una sofferta conferenza stampa in cui annunciava la terribile diagnosi e il lungo percorso che gli aveva permesso di uscirne vittorioso, il 53enne allenatore serbo del Bologna si \u00e8 ripresentato oggi davanti ai media per comunicare che la malattia \u00e8 tornata. Ma ora pi\u00f9 che allora, Sinisa \u00e8 pronto a battagliare. &#8220;Svolgo ciclicamente delle analisi molto approfondite dopo essere stato colpito dalla leucemia &#8211; ha esordito Mihajlovic, che ha poi preferito evitare ogni domanda &#8211; In questi anni la mia ripresa \u00e8 stata ottima, ma nelle ultime analisi sono emersi dei campanelli d&#8217;allarme con il rischio che possa ripresentarsi la malattia. Mi \u00e8 stato consigliato di intraprendere un percorso terapeutico che possa eliminare sul nascere questa ipotesi negativa. Stavolta non entrer\u00f2 in scivolata, in tackle su un avversario lanciato ma giocher\u00f2 d&#8217;anticipo per non farlo partire&#8221;. &#8220;Questa malattia \u00e8 molto coraggiosa per avere voglia di tornare ad affrontare uno come me &#8211; ci scherza quasi su &#8211; Ma sono qua, se non le \u00e8 bastata una prima lezione gliene daremo un&#8217;altra. E&#8217; il percorso della vita, a volte si incontrano delle buche improvvise, si pu\u00f2 cadere ma si deve trovare la forza per rialzarsi e riprendere il cammino&#8221;. Gi\u00e0 dalla prossima settimana Mihajlovic &#8211; nell&#8217;ottobre 2019 sottoposto a trapianto di midollo osseo &#8211; inizier\u00e0 le cure al Sant&#8217;Orsola. &#8220;Questa volta mi vedete pi\u00f9 sereno. So cosa devo fare e la situazione \u00e8 diversa da allora. Spero che i tempi siano pi\u00f9 brevi e far\u00f2 di tutto per renderli ancora pi\u00f9 veloci, ma dovr\u00f2 saltare alcune partite. Ho gi\u00e0 fatto allestire, nella stanza tutto il necessario a livello tecnologico per seguire allenamenti e partite&#8221;. Il tecnico serbo ammette che &#8220;questo inizio di 2022 non \u00e8 stato sicuramente fortunato ma non dobbiamo piangerci addosso, \u00e8 nelle difficolt\u00e0 che si misura il coraggio. I ragazzi non mi deluderanno, lotter\u00f2 insieme a loro e sono sicuro che loro lotteranno anche per me. Sono bravi ragazzi e bravi giocatori e chiedo ai tifosi del Bologna di sostenerli sempre, che sia in allenamento o nelle partite in trasferta non molleremo di un centimetro. Risaliremo in classifica e presto torner\u00f2&#8221;. Da Mihajlovic in chiusura un ringraziamento al presidente Saputo, alla societ\u00e0 e a &#8220;tutti quelli che mi sono vicini&#8221;. Ma anche un appello: &#8220;Vi chiedo di rispettare il mio diritto alla privacy. Parlate pure del Sinisa allenatore ma rispettate l&#8217;uomo&#8221;. <br \/>(ITALPRESS).<\/div>\n<div id=\"div-gpt-ad-Messinaoggi.it-DSK-300x250-corpoart\" style=\"text-align:center;margin:0 auto;\"><\/div><\/p><div id=\"videoincontent\" style=\"clear:both\";><\/div>","protected":false},"excerpt":{"rendered":"<p>BOLOGNA (ITALPRESS) &#8211; La leucemia \u00e8 tornata a bussare alla porta di Sinisa Mihajlovic. Due anni e mezzo dopo una sofferta conferenza stampa in cui annunciava la terribile diagnosi e il lungo percorso che gli aveva permesso di uscirne vittorioso, il 53enne allenatore serbo del Bologna si \u00e8 ripresentato oggi davanti ai media per comunicare [&hellip;]<\/p>\n","protected":false},"author":18,"featured_media":102146,"comment_status":"closed","ping_status":"closed","sticky":false,"template":"","format":"standard","meta":{"ub_ctt_via":"","_mi_skip_tracking":false},"categories":[446],"tags":[783],"featured_image_src":"https:\/\/www.messinaoggi.it\/website\/wp-content\/uploads\/2022\/03\/20220326_0908.jpg","author_info":{"display_name":"Admin","author_link":"https:\/\/www.messinaoggi.it\/website\/author\/admin\/"},"digistream_id":0,"digistream":false,"_links":{"self":[{"href":"https:\/\/www.messinaoggi.it\/website\/wp-json\/wp\/v2\/posts\/102145"}],"collection":[{"href":"https:\/\/www.messinaoggi.it\/website\/wp-json\/wp\/v2\/posts"}],"about":[{"href":"https:\/\/www.messinaoggi.it\/website\/wp-json\/wp\/v2\/types\/post"}],"author":[{"embeddable":true,"href":"https:\/\/www.messinaoggi.it\/website\/wp-json\/wp\/v2\/users\/18"}],"replies":[{"embeddable":true,"href":"https:\/\/www.messinaoggi.it\/website\/wp-json\/wp\/v2\/comments?post=102145"}],"version-history":[{"count":0,"href":"https:\/\/www.messinaoggi.it\/website\/wp-json\/wp\/v2\/posts\/102145\/revisions"}],"wp:featuredmedia":[{"embeddable":true,"href":"https:\/\/www.messinaoggi.it\/website\/wp-json\/wp\/v2\/media\/102146"}],"wp:attachment":[{"href":"https:\/\/www.messinaoggi.it\/website\/wp-json\/wp\/v2\/media?parent=102145"}],"wp:term":[{"taxonomy":"category","embeddable":true,"href":"https:\/\/www.messinaoggi.it\/website\/wp-json\/wp\/v2\/categories?post=102145"},{"taxonomy":"post_tag","embeddable":true,"href":"https:\/\/www.messinaoggi.it\/website\/wp-json\/wp\/v2\/tags?post=102145"}],"curies":[{"name":"wp","href":"https:\/\/api.w.org\/{rel}","templated":true}]}}