{"id":102139,"date":"2022-03-26T13:07:38","date_gmt":"2022-03-26T12:07:38","guid":{"rendered":"https:\/\/www.messinaoggi.it\/website\/2022\/03\/26\/mancini-rialzare-la-testa-e-lavorare-per-il-futuro\/"},"modified":"2022-03-26T13:07:38","modified_gmt":"2022-03-26T12:07:38","slug":"mancini-rialzare-la-testa-e-lavorare-per-il-futuro","status":"publish","type":"post","link":"https:\/\/www.messinaoggi.it\/website\/2022\/03\/26\/mancini-rialzare-la-testa-e-lavorare-per-il-futuro\/","title":{"rendered":"Mancini \u201cRialzare la testa e lavorare per il futuro\u201d"},"content":{"rendered":"<div>FIRENZE (ITALPRESS) &#8211; &#8220;E&#8217; davvero dura da accettare, ma accogliere anche le sconfitte nella vita fa parte di un sano percorso di crescita umana e sportiva. Prendiamoci del tempo per riflettere e capire con lucidit\u00e0. L&#8217;unica mossa azzeccata ora \u00e8 rialzare la testa e lavorare per il futuro&#8221;. A due giorni dalla sconfitta contro la Macedonia che ha estromesso l&#8217;Italia dal prossimo Mondiale, Roberto Mancini rompe il silenzio e lo fa con un post sulla sua pagina Instagram, senza per\u00f2 sciogliere i dubbi su quello che sar\u00e0 il suo futuro sulla panchina azzurra. &#8220;Il calcio a volte sa essere metafora spietata di vita &#8211; scrive &#8211; L&#8217;estate scorsa eravamo sul tetto d&#8217;Europa dopo aver portato a termine una delle imprese pi\u00f9 belle della storia della Nazionale. Poche ore fa ci siamo risvegliati in uno dei punti pi\u00f9 drammatici. Siamo passati dalla gioia totale ad una frustrante delusione&#8221;. Ma ora \u00e8 tempo di guardare avanti anche se Mancini non dimentica e ringrazia il pubblico di Palermo &#8220;per il calore e grazie a tutti i tifosi che da sempre ci hanno trasmesso entusiasmo e affetto&#8221;.<br \/>(ITALPRESS).<\/div>\n<div id=\"div-gpt-ad-Messinaoggi.it-DSK-300x250-corpoart\" style=\"text-align:center;margin:0 auto;\"><\/div><\/p><div id=\"videoincontent\" style=\"clear:both\";><\/div>","protected":false},"excerpt":{"rendered":"<p>FIRENZE (ITALPRESS) &#8211; &#8220;E&#8217; davvero dura da accettare, ma accogliere anche le sconfitte nella vita fa parte di un sano percorso di crescita umana e sportiva. Prendiamoci del tempo per riflettere e capire con lucidit\u00e0. L&#8217;unica mossa azzeccata ora \u00e8 rialzare la testa e lavorare per il futuro&#8221;. A due giorni dalla sconfitta contro la [&hellip;]<\/p>\n","protected":false},"author":18,"featured_media":102140,"comment_status":"closed","ping_status":"closed","sticky":false,"template":"","format":"standard","meta":{"ub_ctt_via":"","_mi_skip_tracking":false},"categories":[446],"tags":[783],"featured_image_src":"https:\/\/www.messinaoggi.it\/website\/wp-content\/uploads\/2022\/03\/26_2019-10-12_2100190_italy-soccer-national-team-13509.jpg","author_info":{"display_name":"Admin","author_link":"https:\/\/www.messinaoggi.it\/website\/author\/admin\/"},"digistream_id":0,"digistream":false,"_links":{"self":[{"href":"https:\/\/www.messinaoggi.it\/website\/wp-json\/wp\/v2\/posts\/102139"}],"collection":[{"href":"https:\/\/www.messinaoggi.it\/website\/wp-json\/wp\/v2\/posts"}],"about":[{"href":"https:\/\/www.messinaoggi.it\/website\/wp-json\/wp\/v2\/types\/post"}],"author":[{"embeddable":true,"href":"https:\/\/www.messinaoggi.it\/website\/wp-json\/wp\/v2\/users\/18"}],"replies":[{"embeddable":true,"href":"https:\/\/www.messinaoggi.it\/website\/wp-json\/wp\/v2\/comments?post=102139"}],"version-history":[{"count":0,"href":"https:\/\/www.messinaoggi.it\/website\/wp-json\/wp\/v2\/posts\/102139\/revisions"}],"wp:featuredmedia":[{"embeddable":true,"href":"https:\/\/www.messinaoggi.it\/website\/wp-json\/wp\/v2\/media\/102140"}],"wp:attachment":[{"href":"https:\/\/www.messinaoggi.it\/website\/wp-json\/wp\/v2\/media?parent=102139"}],"wp:term":[{"taxonomy":"category","embeddable":true,"href":"https:\/\/www.messinaoggi.it\/website\/wp-json\/wp\/v2\/categories?post=102139"},{"taxonomy":"post_tag","embeddable":true,"href":"https:\/\/www.messinaoggi.it\/website\/wp-json\/wp\/v2\/tags?post=102139"}],"curies":[{"name":"wp","href":"https:\/\/api.w.org\/{rel}","templated":true}]}}