{"id":102129,"date":"2022-03-26T11:29:07","date_gmt":"2022-03-26T10:29:07","guid":{"rendered":"http:\/\/www.messinaoggi.it\/website\/?p=102129"},"modified":"2022-03-26T11:29:10","modified_gmt":"2022-03-26T10:29:10","slug":"covid-tre-decessi-a-messina","status":"publish","type":"post","link":"https:\/\/www.messinaoggi.it\/website\/2022\/03\/26\/covid-tre-decessi-a-messina\/","title":{"rendered":"Covid, tre decessi a Messina"},"content":{"rendered":"\n<p>\u00c8 di altri tre decessi il bilancio pi\u00f9 recente dei morti per Covid-19 a Messina e provincia. Il dato \u00e8 in lieve aumento rispetto a quello di ieri, il cui numero era di due unit\u00e0.<div id=\"div-gpt-ad-Messinaoggi.it-DSK-300x250-corpoart\" style=\"text-align:center;margin:0 auto;\"><\/div><\/p>\n\n\n\n<p>Ricoveri stazionari. Le ospedalizzazioni, in particolare, passano da 123 a 120 e risultano cos\u00ec ripartite: 75 al Policlinico (di cui 10 in terapia intensiva), 22 all&#8217;ospedale Papardo (7 in terapia intensiva), 14 al Cutroni-Zodda di Barcellona e 9 all&#8217;IRCCS Piemonte.<div id=\"videoincontent\" style=\"clear:both\";><\/div><\/p>\n","protected":false},"excerpt":{"rendered":"<p>\u00c8 di altri tre decessi il bilancio pi\u00f9 recente dei morti per Covid-19 a Messina e provincia. Il dato \u00e8 in lieve aumento rispetto a quello di ieri, il cui numero era di due unit\u00e0. Ricoveri stazionari. Le ospedalizzazioni, in particolare, passano da 123 a 120 e risultano cos\u00ec ripartite: 75 al Policlinico (di cui [&hellip;]<\/p>\n","protected":false},"author":8,"featured_media":99419,"comment_status":"open","ping_status":"open","sticky":false,"template":"","format":"standard","meta":{"ub_ctt_via":"","_mi_skip_tracking":false},"categories":[221],"tags":[2303],"featured_image_src":"https:\/\/www.messinaoggi.it\/website\/wp-content\/uploads\/2022\/03\/20220303_2634.jpg","author_info":{"display_name":"red..me","author_link":"https:\/\/www.messinaoggi.it\/website\/author\/redstage\/"},"digistream_id":0,"digistream":false,"_links":{"self":[{"href":"https:\/\/www.messinaoggi.it\/website\/wp-json\/wp\/v2\/posts\/102129"}],"collection":[{"href":"https:\/\/www.messinaoggi.it\/website\/wp-json\/wp\/v2\/posts"}],"about":[{"href":"https:\/\/www.messinaoggi.it\/website\/wp-json\/wp\/v2\/types\/post"}],"author":[{"embeddable":true,"href":"https:\/\/www.messinaoggi.it\/website\/wp-json\/wp\/v2\/users\/8"}],"replies":[{"embeddable":true,"href":"https:\/\/www.messinaoggi.it\/website\/wp-json\/wp\/v2\/comments?post=102129"}],"version-history":[{"count":1,"href":"https:\/\/www.messinaoggi.it\/website\/wp-json\/wp\/v2\/posts\/102129\/revisions"}],"predecessor-version":[{"id":102130,"href":"https:\/\/www.messinaoggi.it\/website\/wp-json\/wp\/v2\/posts\/102129\/revisions\/102130"}],"wp:featuredmedia":[{"embeddable":true,"href":"https:\/\/www.messinaoggi.it\/website\/wp-json\/wp\/v2\/media\/99419"}],"wp:attachment":[{"href":"https:\/\/www.messinaoggi.it\/website\/wp-json\/wp\/v2\/media?parent=102129"}],"wp:term":[{"taxonomy":"category","embeddable":true,"href":"https:\/\/www.messinaoggi.it\/website\/wp-json\/wp\/v2\/categories?post=102129"},{"taxonomy":"post_tag","embeddable":true,"href":"https:\/\/www.messinaoggi.it\/website\/wp-json\/wp\/v2\/tags?post=102129"}],"curies":[{"name":"wp","href":"https:\/\/api.w.org\/{rel}","templated":true}]}}