{"id":102127,"date":"2022-03-26T10:07:37","date_gmt":"2022-03-26T09:07:37","guid":{"rendered":"https:\/\/www.messinaoggi.it\/website\/2022\/03\/26\/meloni-noi-conservatori-in-prima-linea-per-i-veri-profughi\/"},"modified":"2022-03-26T10:07:37","modified_gmt":"2022-03-26T09:07:37","slug":"meloni-noi-conservatori-in-prima-linea-per-i-veri-profughi","status":"publish","type":"post","link":"https:\/\/www.messinaoggi.it\/website\/2022\/03\/26\/meloni-noi-conservatori-in-prima-linea-per-i-veri-profughi\/","title":{"rendered":"Meloni \u201cNoi conservatori in prima linea per i veri profughi\u201d"},"content":{"rendered":"<div>MILANO (ITALPRESS) &#8211; &#8220;E&#8217; trascorso pi\u00f9 di un mese dalla brutale aggressione della Russia contro l&#8217;Ucraina. Un atto non provocato, ingiustificabile e inaccettabile, che i Conservatori europei hanno condannato a tutti i livelli e senza esitazione. In concomitanza con l&#8217;importante Consiglio europeo, la plenaria del Parlamento Ue e la missione europea del presidente Usa Biden ho riunito d&#8217;urgenza l&#8217;ufficio di presidenza dell&#8217;Ecr, il partito dei Conservatori e riformisti europei che ho l&#8217;onore di presiedere. In apertura un doveroso pensiero alle vittime, in particolare ai civili, agli oltre tre milioni di rifugiati e all&#8217;orgoglioso popolo ucraino, che sta resistendo in condizioni estremamente difficili, manifestando una straordinaria devozione alla propria Patria e alla libert\u00e0. La libert\u00e0 non \u00e8 un valore negoziabile. La risposta alla decadenza dei valori nelle democrazie occidentali non potr\u00e0 mai essere l&#8217;autocrazia, ma una battaglia ancora pi\u00f9 coraggiosa per riempire di valori le democrazie occidentali. Questa \u00e8 la missione dei Conservatori&#8221;. Cos\u00ec la presidente di Fratelli d&#8217;italia e dell&#8217;Ecr Giorgia Meloni, nell&#8217;intervento pubblicato sul Corriere della Sera.<br \/>&#8220;In questi giorni la crisi ucraina ha dato la sveglia a un&#8217;Ue sonnolenta, troppo impegnata ad aumentare la burocrazia e a promuovere il Natale &#8216;inclusiv\u00f2, per occuparsi della sua proiezione geostrategica. E ha riportato alla realt\u00e0 le \u00e8lite europee, troppo spesso timide e prive di visione. Questa realt\u00e0 parla una lingua che noi di Ecr conosciamo meglio di altri.<br \/>Non \u00e8 un caso che tre primi ministri conservatori, i nostri Mateusz Morawiecki (Polonia) e Peter Fiala (Rep. Ceca), insieme a Janez Jansa (Slovenia), siano stati finora gli unici politici europei a rompere l&#8217;assedio di Kiev, dimostrando in modo concreto a nome di tutti noi la vicinanza al popolo ucraino. Non \u00e8 un caso nemmeno che governi conservatori, spesso attaccati dal mainstream europeista per la loro presunta indisponibilit\u00e0 ad accogliere i rifugiati, siano invece in prima linea nell&#8217;affrontare la crisi umanitaria. A loro noi diciamo &#8216;grazi\u00e8 e sarebbe il caso che lo stesso facesse l&#8217;Ue, dopo tanta insensata ostilit\u00e0&#8221; conclude.<br \/>(ITALPRESS).<\/div>\n<div id=\"div-gpt-ad-Messinaoggi.it-DSK-300x250-corpoart\" style=\"text-align:center;margin:0 auto;\"><\/div><\/p><div id=\"videoincontent\" style=\"clear:both\";><\/div>","protected":false},"excerpt":{"rendered":"<p>MILANO (ITALPRESS) &#8211; &#8220;E&#8217; trascorso pi\u00f9 di un mese dalla brutale aggressione della Russia contro l&#8217;Ucraina. Un atto non provocato, ingiustificabile e inaccettabile, che i Conservatori europei hanno condannato a tutti i livelli e senza esitazione. In concomitanza con l&#8217;importante Consiglio europeo, la plenaria del Parlamento Ue e la missione europea del presidente Usa Biden [&hellip;]<\/p>\n","protected":false},"author":18,"featured_media":102128,"comment_status":"closed","ping_status":"closed","sticky":false,"template":"","format":"standard","meta":{"ub_ctt_via":"","_mi_skip_tracking":false},"categories":[446],"tags":[783],"featured_image_src":"https:\/\/www.messinaoggi.it\/website\/wp-content\/uploads\/2022\/03\/20220326_0137.jpg","author_info":{"display_name":"Admin","author_link":"https:\/\/www.messinaoggi.it\/website\/author\/admin\/"},"digistream_id":0,"digistream":false,"_links":{"self":[{"href":"https:\/\/www.messinaoggi.it\/website\/wp-json\/wp\/v2\/posts\/102127"}],"collection":[{"href":"https:\/\/www.messinaoggi.it\/website\/wp-json\/wp\/v2\/posts"}],"about":[{"href":"https:\/\/www.messinaoggi.it\/website\/wp-json\/wp\/v2\/types\/post"}],"author":[{"embeddable":true,"href":"https:\/\/www.messinaoggi.it\/website\/wp-json\/wp\/v2\/users\/18"}],"replies":[{"embeddable":true,"href":"https:\/\/www.messinaoggi.it\/website\/wp-json\/wp\/v2\/comments?post=102127"}],"version-history":[{"count":0,"href":"https:\/\/www.messinaoggi.it\/website\/wp-json\/wp\/v2\/posts\/102127\/revisions"}],"wp:featuredmedia":[{"embeddable":true,"href":"https:\/\/www.messinaoggi.it\/website\/wp-json\/wp\/v2\/media\/102128"}],"wp:attachment":[{"href":"https:\/\/www.messinaoggi.it\/website\/wp-json\/wp\/v2\/media?parent=102127"}],"wp:term":[{"taxonomy":"category","embeddable":true,"href":"https:\/\/www.messinaoggi.it\/website\/wp-json\/wp\/v2\/categories?post=102127"},{"taxonomy":"post_tag","embeddable":true,"href":"https:\/\/www.messinaoggi.it\/website\/wp-json\/wp\/v2\/tags?post=102127"}],"curies":[{"name":"wp","href":"https:\/\/api.w.org\/{rel}","templated":true}]}}