{"id":102106,"date":"2022-03-25T21:07:39","date_gmt":"2022-03-25T20:07:39","guid":{"rendered":"https:\/\/www.messinaoggi.it\/website\/2022\/03\/25\/pari-per-lunder-21-in-montenegro-nelle-qualificazioni-europee\/"},"modified":"2022-03-26T09:44:22","modified_gmt":"2022-03-26T08:44:22","slug":"pari-per-lunder-21-in-montenegro-nelle-qualificazioni-europee","status":"publish","type":"post","link":"https:\/\/www.messinaoggi.it\/website\/2022\/03\/25\/pari-per-lunder-21-in-montenegro-nelle-qualificazioni-europee\/","title":{"rendered":"Pari per l\u2019Under 21 in Montenegro nelle qualificazioni europee"},"content":{"rendered":"<div>PODGORICA (MONTENEGRO) (ITALPRESS) &#8211; La corsa dell&#8217;Italia Under 21 verso gli Europei del 2023 riparte con uno scialbo pareggio per 1-1 sul campo del Montenegro. Gli azzurrini (con ancora una gara da giocare) rimandano l&#8217;operazione sorpasso sulla Svezia e salgono a quota 14 punti in classifica, agganciando proprio gli scandinavi che per\u00f2 vantano una gara in pi\u00f9. Al &#8220;Gradski Stadion&#8221; di Pogdorica Nicolato conferma le indicazioni della conferenza stampa e schiera un 4-3-3 con Vignato, Lucca e Colombo nel tridente. La prima mezz&#8217;ora di gioco per\u00f2 sembra il remake del disastro azzurro di Palermo. Poche occasioni, la prima al 19&#8242; con Parisi che ci prova dai 25 metri di controbalzo senza inquadrare lo specchio della porta. E come al Barbera, anche oggi l&#8217;Italia va sotto alla prima occasione. Al 37&#8242; la firma del vantaggio montenegrino \u00e8 di Rakonjac che da posizione dubbia sfrutta una deviazione per battere Carnesecchi col mancino al volo: non c&#8217;\u00e8 il Var, l&#8217;arbitro convalida. Stavolta per\u00f2 la reazione azzurra \u00e8 immediata. Cross dalla destra di Bellanova e conclusione vincente di Ricci che al 39&#8242; firma il pareggio. L&#8217;Italia fatica a trovare spazi, l&#8217;unica fonte di pericolo sono gli uno contro uno di Vignato ma la difesa avversaria finisce col prendere le misure all&#8217;esterno del Bologna. La prima occasione della ripresa \u00e8 del Montenegro con Krostovic che in mezza rovesciata spara alto da posizione defilata. Al 63&#8242; Nicolato decide di ricorrere ai cambi: fuori Colombo e Ricci, spazio a Cancellieri e Fagioli. Ma se il centrocampista della Cremonese riesce a portare ordine al centrocampo azzurro, il peso dell&#8217;ex Roma nel tridente \u00e8 minimo. Al 78&#8242; Krstovic spaventa Carnesecchi con una conclusione dalla distanza che il portiere battezza alta. C&#8217;\u00e8 spazio nel finale per Gaetano e Yeboah, ma l&#8217;occasione pi\u00f9 nitida \u00e8 di Okoli che sugli sviluppi di un calcio d&#8217;angolo anticipa tutti ma colpisce con la spalla e da due passi non trova la porta. Il percorso di qualificazione ripartir\u00e0 marted\u00ec, dal &#8220;Nereo Rocco&#8221; di Trieste contro la Bosnia.<br \/>(ITALPRESS).<\/div>\n<div id=\"div-gpt-ad-Messinaoggi.it-DSK-300x250-corpoart\" style=\"text-align:center;margin:0 auto;\"><\/div><\/p><div id=\"videoincontent\" style=\"clear:both\";><\/div>","protected":false},"excerpt":{"rendered":"<p>PODGORICA (MONTENEGRO) (ITALPRESS) &#8211; La corsa dell&#8217;Italia Under 21 verso gli Europei del 2023 riparte con uno scialbo pareggio per 1-1 sul campo del Montenegro. Gli azzurrini (con ancora una gara da giocare) rimandano l&#8217;operazione sorpasso sulla Svezia e salgono a quota 14 punti in classifica, agganciando proprio gli scandinavi che per\u00f2 vantano una gara [&hellip;]<\/p>\n","protected":false},"author":18,"featured_media":102107,"comment_status":"closed","ping_status":"closed","sticky":false,"template":"","format":"standard","meta":{"ub_ctt_via":"","_mi_skip_tracking":false},"categories":[10,446,9],"tags":[783],"featured_image_src":"https:\/\/www.messinaoggi.it\/website\/wp-content\/uploads\/2022\/03\/20220325_1817.jpg","author_info":{"display_name":"Admin","author_link":"https:\/\/www.messinaoggi.it\/website\/author\/admin\/"},"digistream_id":0,"digistream":false,"_links":{"self":[{"href":"https:\/\/www.messinaoggi.it\/website\/wp-json\/wp\/v2\/posts\/102106"}],"collection":[{"href":"https:\/\/www.messinaoggi.it\/website\/wp-json\/wp\/v2\/posts"}],"about":[{"href":"https:\/\/www.messinaoggi.it\/website\/wp-json\/wp\/v2\/types\/post"}],"author":[{"embeddable":true,"href":"https:\/\/www.messinaoggi.it\/website\/wp-json\/wp\/v2\/users\/18"}],"replies":[{"embeddable":true,"href":"https:\/\/www.messinaoggi.it\/website\/wp-json\/wp\/v2\/comments?post=102106"}],"version-history":[{"count":1,"href":"https:\/\/www.messinaoggi.it\/website\/wp-json\/wp\/v2\/posts\/102106\/revisions"}],"predecessor-version":[{"id":102122,"href":"https:\/\/www.messinaoggi.it\/website\/wp-json\/wp\/v2\/posts\/102106\/revisions\/102122"}],"wp:featuredmedia":[{"embeddable":true,"href":"https:\/\/www.messinaoggi.it\/website\/wp-json\/wp\/v2\/media\/102107"}],"wp:attachment":[{"href":"https:\/\/www.messinaoggi.it\/website\/wp-json\/wp\/v2\/media?parent=102106"}],"wp:term":[{"taxonomy":"category","embeddable":true,"href":"https:\/\/www.messinaoggi.it\/website\/wp-json\/wp\/v2\/categories?post=102106"},{"taxonomy":"post_tag","embeddable":true,"href":"https:\/\/www.messinaoggi.it\/website\/wp-json\/wp\/v2\/tags?post=102106"}],"curies":[{"name":"wp","href":"https:\/\/api.w.org\/{rel}","templated":true}]}}