{"id":102100,"date":"2022-03-25T20:02:37","date_gmt":"2022-03-25T19:02:37","guid":{"rendered":"https:\/\/www.messinaoggi.it\/website\/2022\/03\/25\/palermo-il-branco-di-vitali-arriva-nella-sede-di-giurisprudenza\/"},"modified":"2022-03-25T20:02:37","modified_gmt":"2022-03-25T19:02:37","slug":"palermo-il-branco-di-vitali-arriva-nella-sede-di-giurisprudenza","status":"publish","type":"post","link":"https:\/\/www.messinaoggi.it\/website\/2022\/03\/25\/palermo-il-branco-di-vitali-arriva-nella-sede-di-giurisprudenza\/","title":{"rendered":"Palermo, il \u201cBranco\u201d di Vitali arriva nella sede di Giurisprudenza"},"content":{"rendered":"<div>\n<p>PALERMO (ITALPRESS) \u2013 Il \u201cBranco\u201d di Velasco Vitali prosegue il suo viaggio urbano spostandosi dal Palazzo Reale di Palermo alla sede storica del Dipartimento di Giurisprudenza in via Maqueda. L\u2019opera monumentale, che \u00e8 stata esposta anche nell\u2019aula bunker e alla Questura di Palermo, \u00e8 composta da 54 sculture in ferro, corten, resine e bitume, acciaio e oro che rappresentano cani a grandezza naturale, riferimento e metafora poetica dello scontro tra il bene e il male per rendere evidente la speciale condizione storica di riferimento del conflitto tra Stato, comunit\u00e0 e criminalit\u00e0 organizzata. Il progetto di animazione culturale e sociale, promosso dalla Fondazione Falcone e dalla Fondazione Federico II in collaborazione con il Dipartimento di Giurisprudenza, segna il secondo evento culturale del XXX anniversario delle stragi mafiose di Palermo. <br \/>Il Branco di Velasco Vitali sar\u00e0 visitabile gratuitamente dal 25 marzo al 22 maggio prossimo dal luned\u00ec al venerd\u00ec dalle 8 alle 18.30 (esibendo super green pass) presso l\u2019Atrio \u201cFalcone Borsellino\u201d del Dipartimento di Giurisprudenza, in via Maqueda. <br \/>La Fondazione Falcone, la Fondazione Federico II e il Dipartimento di Giurisprudenza attraverso l\u2019installazione dell\u2019opera \u201cIl Branco\u201d, intendono promuovere una vitalit\u00e0 civile e culturale contro le mafie, che si ricarica di energia negli spazi pubblici con la partecipazione della cittadinanza nei luoghi della quotidianit\u00e0. <br \/>\u201cIl viaggio urbano dei cani di Velasco Vitali rinnova l\u2019energia di cambiamento della societ\u00e0 nella lotta alla mafia \u2013 spiega Gianfranco Miccich\u00e8, Presidente dell\u2019Ars e della Fondazione Federico II -. Palazzo Reale \u00e8 diventato parte di questa installazione cos\u00ec come adesso, in questo ideale e materiale passaggio di testimone, lo diventa la sede di Giurisprudenza, dove studiarono tra gli altri sia Giovanni Falcone che Paolo Borsellino. Sono certo che i giovani universitari abbiano un motivo in pi\u00f9 per entrare in empatia con queste opere d\u2019arte\u201d.<br \/>\u201cIl branco di Velasco Vitali ha una forza coinvolgente \u2013 sottolinea Patrizia Monterosso, direttore generale Fondazione Federico II -. Dopo l\u2019Aula Bunker, la Questura e Palazzo Reale, non c\u2019era luogo pi\u00f9 adatto della sede storica di Giurisprudenza. Il trasferimento delle sculture non \u00e8 un vuoto rituale, ma \u00e8 espressione di un progetto di collettivit\u00e0 in itinere. Attraverso l\u2019impegno, il valore istituzionale del gesto viene espressa, non solo la memoria di quella lotta custodita in ognuno di noi, ma anche il senso di identit\u00e0 e di appartenenza che divengono impegno collettivo\u201d. <br \/>\u201cE\u2019 un segnale molto importante \u2013 commenta il rettore, Massimo Midiri -. L\u2019immagine simbolica \u00e8 quella di un\u2019universit\u00e0 che si apre alla citt\u00e0 e che vuole diventare elemento di convergenza e raccordo di tante sensibilit\u00e0\u201d. <br \/>\u201cE\u2019 un privilegio \u2013 afferma Armando Plaia, direttore del Dipartimento di Giurisprudenza dell\u2019Universit\u00e0 di Palermo \u2013 per il nostro Dipartimento poter ospitare l\u2019opera di Velasco Vitali. Il linguaggio dell\u2019arte offre ai nostri studenti l\u2019opportunit\u00e0 di una memoria non retorica e l\u2019evoluzione etica de \u2018Il Branc\u00f2 di Vitali sapr\u00e0 comunicare ai nostri studenti il coraggio dell\u2019eresia\u201d. <br \/>Sin dal principio la Fondazione Falcone ha concepito il percorso urbano di allestimento come cammino che incrocia le storie di luoghi dove la comunit\u00e0 ha sconfitto le mafie e, via via, da branco randagio, i cani divengono attenti custodi della memoria di una citt\u00e0 che ha sofferto e che ha saputo rialzarsi. Il Dipartimento di Giurisprudenza \u00e8 uno dei luoghi simbolo per ospitare l\u2019allestimento di opere di Velasco Vitali. Il pellegrinaggio laico e poetico a Palermo del \u201cBranco\u201d si concluder\u00e0 con l\u2019ultima tappa straordinaria a maggio prossimo. <br \/>(ITALPRESS).<div id=\"div-gpt-ad-Messinaoggi.it-DSK-300x250-corpoart\" style=\"text-align:center;margin:0 auto;\"><\/div><\/p>\n<\/div>\n<div id=\"videoincontent\" style=\"clear:both\";><\/div>","protected":false},"excerpt":{"rendered":"<p>PALERMO (ITALPRESS) \u2013 Il \u201cBranco\u201d di Velasco Vitali prosegue il suo viaggio urbano spostandosi dal Palazzo Reale di Palermo alla sede storica del Dipartimento di Giurisprudenza in via Maqueda. L\u2019opera monumentale, che \u00e8 stata esposta anche nell\u2019aula bunker e alla Questura di Palermo, \u00e8 composta da 54 sculture in ferro, corten, resine e bitume, acciaio [&hellip;]<\/p>\n","protected":false},"author":18,"featured_media":102101,"comment_status":"closed","ping_status":"closed","sticky":false,"template":"","format":"standard","meta":{"ub_ctt_via":"","_mi_skip_tracking":false},"categories":[2449],"tags":[783],"featured_image_src":"https:\/\/www.messinaoggi.it\/website\/wp-content\/uploads\/2022\/03\/20220325_1763.jpg","author_info":{"display_name":"Admin","author_link":"https:\/\/www.messinaoggi.it\/website\/author\/admin\/"},"digistream_id":0,"digistream":false,"_links":{"self":[{"href":"https:\/\/www.messinaoggi.it\/website\/wp-json\/wp\/v2\/posts\/102100"}],"collection":[{"href":"https:\/\/www.messinaoggi.it\/website\/wp-json\/wp\/v2\/posts"}],"about":[{"href":"https:\/\/www.messinaoggi.it\/website\/wp-json\/wp\/v2\/types\/post"}],"author":[{"embeddable":true,"href":"https:\/\/www.messinaoggi.it\/website\/wp-json\/wp\/v2\/users\/18"}],"replies":[{"embeddable":true,"href":"https:\/\/www.messinaoggi.it\/website\/wp-json\/wp\/v2\/comments?post=102100"}],"version-history":[{"count":0,"href":"https:\/\/www.messinaoggi.it\/website\/wp-json\/wp\/v2\/posts\/102100\/revisions"}],"wp:featuredmedia":[{"embeddable":true,"href":"https:\/\/www.messinaoggi.it\/website\/wp-json\/wp\/v2\/media\/102101"}],"wp:attachment":[{"href":"https:\/\/www.messinaoggi.it\/website\/wp-json\/wp\/v2\/media?parent=102100"}],"wp:term":[{"taxonomy":"category","embeddable":true,"href":"https:\/\/www.messinaoggi.it\/website\/wp-json\/wp\/v2\/categories?post=102100"},{"taxonomy":"post_tag","embeddable":true,"href":"https:\/\/www.messinaoggi.it\/website\/wp-json\/wp\/v2\/tags?post=102100"}],"curies":[{"name":"wp","href":"https:\/\/api.w.org\/{rel}","templated":true}]}}