{"id":102041,"date":"2022-03-26T00:07:36","date_gmt":"2022-03-25T23:07:36","guid":{"rendered":"https:\/\/www.messinaoggi.it\/website\/2022\/03\/25\/ed-sheeran-e-j-balvin-per-la-prima-volta-insieme-in-un-ep\/"},"modified":"2022-03-26T09:44:54","modified_gmt":"2022-03-26T08:44:54","slug":"ed-sheeran-e-j-balvin-per-la-prima-volta-insieme-in-un-ep","status":"publish","type":"post","link":"https:\/\/www.messinaoggi.it\/website\/2022\/03\/26\/ed-sheeran-e-j-balvin-per-la-prima-volta-insieme-in-un-ep\/","title":{"rendered":"Ed Sheeran e J Balvin per la prima volta insieme in un Ep"},"content":{"rendered":"<div>ROMA (ITALPRESS) &#8211; J Balvin e Ed Sheeran insieme per la prima volta per una collaborazione senza precedenti con un EP di due canzoni, dai titoli &#8220;Sigue&#8221; e &#8220;Forever my love&#8221;.<br \/>Il progetto \u00e8 nato da una naturale amicizia, quando un mattino Ed Sheeran ha riconosciuto la voce di J Balvin in palestra. Quella che \u00e8 iniziata come una conversazione \u00e8 sbocciata in un&#8217;amicizia genuine e quasi immediatamente \u00e8 nata una collaborazione.<br \/>&#8220;Sigue&#8221;, una canzone dance reggaeton upbeat, e &#8220;Forever My Love&#8221;, una bellissima ballad romantica, mostrano non solo l&#8217;abilit\u00e0  di J Balvin e di Ed Sheeran di passare da un genere all&#8217;altro, ma anche la loro esperienza nel diversificare il tipo di musica che scrivono ed eseguono, combinando il pop e il reggaeton.<br \/>&#8220;Sei mesi fa ero in palestra e mi sono detto &#8216;Questo ragazzo assomiglia a Ed Sheeran&#8217;. Era lui. Abbiamo preso un caff\u00e8,  legato su cose semplice creando un&#8217;amicizia genuina. A New York abbiamo programmato un giorno in studio e vedrete il risultato.  Ho volute che lui venisse nel mondo del reggaeton e lui a sua volta mi ha invitato nel suo mondo. E&#8217; stato molto bello sentirlo in spagnolo e speriamo che amiate le canzoni quanto noi le amiamo&#8221;, ha detto J Balvin.<br \/>&#8220;Ho incontrato J in palestra a New York l&#8217;anno scorso. Era mattina presto e c&#8217;eravamo solo noi. Ho riconosciuto la sua voce mentre era al telefono quindi mi sono avvicinato per salutarlo. Abbiamo parlato a lungo, siamo finite a pranzare insieme e poi a prendere un t\u00e8 nel pomeriggio. Poi siamo diventati amici che parlano continuamente. A Natale ero a New York per degli show e abbiamo deciso di trascorrere un giorno in studio che ha portato a molto molto di pi\u00f9. Mi ha volute portare nel suo mondo ed io ho volute portare lui nel mio. Imparare lo spagnolo \u00e8 stata una vera sfida e mi sono divertito davvero molto a farlo. Spero che le amiate quanto me e fate attenzione per altro in arrivo&#8221;, ha detto Ed Sheeran.<br \/>(ITALPRESS).<\/div>\n<div id=\"div-gpt-ad-Messinaoggi.it-DSK-300x250-corpoart\" style=\"text-align:center;margin:0 auto;\"><\/div><\/p><div id=\"videoincontent\" style=\"clear:both\";><\/div>","protected":false},"excerpt":{"rendered":"<p>ROMA (ITALPRESS) &#8211; J Balvin e Ed Sheeran insieme per la prima volta per una collaborazione senza precedenti con un EP di due canzoni, dai titoli &#8220;Sigue&#8221; e &#8220;Forever my love&#8221;.Il progetto \u00e8 nato da una naturale amicizia, quando un mattino Ed Sheeran ha riconosciuto la voce di J Balvin in palestra. Quella che \u00e8 [&hellip;]<\/p>\n","protected":false},"author":18,"featured_media":102042,"comment_status":"closed","ping_status":"closed","sticky":false,"template":"","format":"standard","meta":{"ub_ctt_via":"","_mi_skip_tracking":false},"categories":[446,17],"tags":[783],"featured_image_src":"https:\/\/www.messinaoggi.it\/website\/wp-content\/uploads\/2022\/03\/20220325_0808.jpg","author_info":{"display_name":"Admin","author_link":"https:\/\/www.messinaoggi.it\/website\/author\/admin\/"},"digistream_id":0,"digistream":false,"_links":{"self":[{"href":"https:\/\/www.messinaoggi.it\/website\/wp-json\/wp\/v2\/posts\/102041"}],"collection":[{"href":"https:\/\/www.messinaoggi.it\/website\/wp-json\/wp\/v2\/posts"}],"about":[{"href":"https:\/\/www.messinaoggi.it\/website\/wp-json\/wp\/v2\/types\/post"}],"author":[{"embeddable":true,"href":"https:\/\/www.messinaoggi.it\/website\/wp-json\/wp\/v2\/users\/18"}],"replies":[{"embeddable":true,"href":"https:\/\/www.messinaoggi.it\/website\/wp-json\/wp\/v2\/comments?post=102041"}],"version-history":[{"count":1,"href":"https:\/\/www.messinaoggi.it\/website\/wp-json\/wp\/v2\/posts\/102041\/revisions"}],"predecessor-version":[{"id":102123,"href":"https:\/\/www.messinaoggi.it\/website\/wp-json\/wp\/v2\/posts\/102041\/revisions\/102123"}],"wp:featuredmedia":[{"embeddable":true,"href":"https:\/\/www.messinaoggi.it\/website\/wp-json\/wp\/v2\/media\/102042"}],"wp:attachment":[{"href":"https:\/\/www.messinaoggi.it\/website\/wp-json\/wp\/v2\/media?parent=102041"}],"wp:term":[{"taxonomy":"category","embeddable":true,"href":"https:\/\/www.messinaoggi.it\/website\/wp-json\/wp\/v2\/categories?post=102041"},{"taxonomy":"post_tag","embeddable":true,"href":"https:\/\/www.messinaoggi.it\/website\/wp-json\/wp\/v2\/tags?post=102041"}],"curies":[{"name":"wp","href":"https:\/\/api.w.org\/{rel}","templated":true}]}}