{"id":10201,"date":"2017-10-23T17:29:58","date_gmt":"2017-10-23T15:29:58","guid":{"rendered":"http:\/\/www.messinaoggi.it\/website\/?p=10201"},"modified":"2017-10-23T17:29:58","modified_gmt":"2017-10-23T15:29:58","slug":"comune-si-allaccoglienza-dei-migranti-no-allhotspot-di-bisconte","status":"publish","type":"post","link":"https:\/\/www.messinaoggi.it\/website\/2017\/10\/23\/comune-si-allaccoglienza-dei-migranti-no-allhotspot-di-bisconte\/","title":{"rendered":"Comune: &quot;Si all&#039;accoglienza dei migranti, no all&#039;hotspot di Bisconte&quot;"},"content":{"rendered":"<p>&#8220;Fin dal primo momento, questa Amministrazione ha lanciato il suo &#8216;no&#8217; chiaro e inequivocabile al modello hotspot nella nostra citt\u00e0, con note e interlocuzioni plurime con il governo sia centrale che locale. L&#8217;accoglienza non \u00e8 un fatto di numeri ma di umanit\u00e0. Messina ha sempre accettato di svolgere il proprio ruolo, come richiesto dal ministero dell&#8217;Interno in accordo con Anci, accogliendo un numero anche superiore alle quote ministeriali, ma sempre a patto che ci fossero dietro progetti di dignit\u00e0 e inclusione&#8221;. E&#8217; quanto si legge in una nota dell&#8217;Amministrazione comunale guidata da Renato Accorinti a proposito del nuovo centro presso l&#8217;ex caserma Gasparro.<br \/>\n&#8220;Al di l\u00e0 della nomenclatura &#8211; si legge ancora nella nota -, questa Amministrazione ribadisce il suo rigettare un modello di accoglienza costruito sul trattenimento e detenzione dei migranti e i cui tempi di attesa nel riconoscimento e identificazione possono essere lesivi della dignit\u00e0 e della libert\u00e0 individuale. Modello ancora pi\u00f9 inadatto a fronteggiare le ultime inquietanti evoluzioni del sistema di sbarco, all&#8217;indomani della creazione dei &#8216;centri&#8217; libici&#8221;.<div id=\"div-gpt-ad-Messinaoggi.it-DSK-300x250-corpoart\" style=\"text-align:center;margin:0 auto;\"><\/div><\/p>\n<div id=\"videoincontent\" style=\"clear:both\";><\/div>","protected":false},"excerpt":{"rendered":"<p>&#8220;Fin dal primo momento, questa Amministrazione ha lanciato il suo &#8216;no&#8217; chiaro e inequivocabile al modello hotspot nella nostra citt\u00e0, con note e interlocuzioni plurime con il governo sia centrale che locale. L&#8217;accoglienza non \u00e8 un fatto di numeri ma di umanit\u00e0. Messina ha sempre accettato di svolgere il proprio ruolo, come richiesto dal ministero [&hellip;]<\/p>\n","protected":false},"author":2,"featured_media":1561,"comment_status":"closed","ping_status":"open","sticky":false,"template":"","format":"standard","meta":{"ub_ctt_via":"","_mi_skip_tracking":false},"categories":[6],"tags":[],"featured_image_src":"https:\/\/www.messinaoggi.it\/website\/wp-content\/uploads\/2017\/06\/Migranti-soccorsi-2.jpg","author_info":{"display_name":"Redazione","author_link":"https:\/\/www.messinaoggi.it\/website\/author\/redazione\/"},"digistream_id":0,"digistream":false,"_links":{"self":[{"href":"https:\/\/www.messinaoggi.it\/website\/wp-json\/wp\/v2\/posts\/10201"}],"collection":[{"href":"https:\/\/www.messinaoggi.it\/website\/wp-json\/wp\/v2\/posts"}],"about":[{"href":"https:\/\/www.messinaoggi.it\/website\/wp-json\/wp\/v2\/types\/post"}],"author":[{"embeddable":true,"href":"https:\/\/www.messinaoggi.it\/website\/wp-json\/wp\/v2\/users\/2"}],"replies":[{"embeddable":true,"href":"https:\/\/www.messinaoggi.it\/website\/wp-json\/wp\/v2\/comments?post=10201"}],"version-history":[{"count":0,"href":"https:\/\/www.messinaoggi.it\/website\/wp-json\/wp\/v2\/posts\/10201\/revisions"}],"wp:featuredmedia":[{"embeddable":true,"href":"https:\/\/www.messinaoggi.it\/website\/wp-json\/wp\/v2\/media\/1561"}],"wp:attachment":[{"href":"https:\/\/www.messinaoggi.it\/website\/wp-json\/wp\/v2\/media?parent=10201"}],"wp:term":[{"taxonomy":"category","embeddable":true,"href":"https:\/\/www.messinaoggi.it\/website\/wp-json\/wp\/v2\/categories?post=10201"},{"taxonomy":"post_tag","embeddable":true,"href":"https:\/\/www.messinaoggi.it\/website\/wp-json\/wp\/v2\/tags?post=10201"}],"curies":[{"name":"wp","href":"https:\/\/api.w.org\/{rel}","templated":true}]}}