{"id":101964,"date":"2022-03-25T09:40:16","date_gmt":"2022-03-25T08:40:16","guid":{"rendered":"http:\/\/www.messinaoggi.it\/website\/?p=101964"},"modified":"2022-03-25T09:42:48","modified_gmt":"2022-03-25T08:42:48","slug":"fontalba-marathon-messina-faranda-occasione-di-riscatto","status":"publish","type":"post","link":"https:\/\/www.messinaoggi.it\/website\/2022\/03\/25\/fontalba-marathon-messina-faranda-occasione-di-riscatto\/","title":{"rendered":"Fontalba Marathon Messina, Faranda: &#8220;Occasione di riscatto&#8221;"},"content":{"rendered":"\n<p>\u201cSiamo sempre sensibili e vicini alla Citt\u00e0 di Messina soprattutto quando si parla di sport, aggregazione e soprattutto ripartenza.\u201d<div id=\"div-gpt-ad-Messinaoggi.it-DSK-300x250-corpoart\" style=\"text-align:center;margin:0 auto;\"><\/div><\/p>\n\n\n\n<p>Alessandro Faranda, Amministratore di uno dei gruppi imprenditoriali leader nel settore dell\u2019acqua a livello Regionale, ha deciso di affiancare la maratona di Messina, in programma domenica 27 marzo 2022. Un evento che torna dopo due anni di stop per l&#8217;emergenza pandemica e che porter\u00e0 il nome dell&#8217;acqua &#8220;Fontalba&#8221;.<div id=\"videoincontent\" style=\"clear:both\";><\/div><\/p>\n\n\n\n<figure class=\"wp-block-image size-large\"><img loading=\"lazy\" width=\"900\" height=\"250\" src=\"https:\/\/www.messinaoggi.it\/website\/wp-content\/uploads\/2022\/03\/0.jpg\" alt=\"\" class=\"wp-image-101969\" srcset=\"https:\/\/www.messinaoggi.it\/website\/wp-content\/uploads\/2022\/03\/0.jpg 900w, https:\/\/www.messinaoggi.it\/website\/wp-content\/uploads\/2022\/03\/0-300x83.jpg 300w, https:\/\/www.messinaoggi.it\/website\/wp-content\/uploads\/2022\/03\/0-768x213.jpg 768w\" sizes=\"(max-width: 900px) 100vw, 900px\" \/><figcaption><strong>Domenica 27 marzo 2022 di scena la &#8220;Fontalba Marathon&#8221; di Messina<\/strong><\/figcaption><\/figure>\n\n\n\n<p>Secondo Faranda non si tratta solo di un evento agonistico, che rappresenta l\u2019auspicio per il ritorno alla normalit\u00e0 delle attivit\u00e0 umane ad alto contenuto sociale, come lo sport, ma anche occasione per ribadire, da parte della Fontalba, l\u2019assunzione del mondo imprenditoriale del concetto di responsabilit\u00e0 d\u2019impresa, traducendolo operativamente nel costante sviluppo di politiche sostenibili condivise. <\/p>\n\n\n\n<p>&#8220;Si tratta \u2013  aggiunge Faranda &#8211; di operare in modo sostenibile, comprendendo che il successo di un\u2019impresa \u00e8 interconnesso con la valorizzazione delle persone, dell\u2019ambiente e delle culture che contraddistinguono il contesto territoriale in cui l\u2019azienda opera quotidianamente.<\/p>\n\n\n\n<p>Secondo l\u2019 Amministratore della Fontalba: &#8220;Necessario avere il coraggio e l\u2019audacia per ripartire, superando gli ostacoli e le paure, prefissandosi gli obbiettivi che si vogliono raggiungere. Senza per\u00f2 dimenticare chi, in questi giorni sta vivendo la drammaticit\u00e0 dei conflitti che interessano il mondo intero. Lo sport ha sempre dimostrato di riuscire ad aggregare e stimolare chi lo affianca con passione ed \u00e8 proprio la passione che muove la quotidianit\u00e0 di tutti&#8221;.<\/p>\n\n\n\n<p>Infine, conclude Faranda: \u201cMi auguro che Messina riesca nei prossimi anni, ad avere una propria identit\u00e0, che si dimostri una Citt\u00e0 capace finalmente di esprimere al meglio le proprie ed immense potenzialit\u00e0. Buono Sport a tutti&#8221;.  <\/p>\n","protected":false},"excerpt":{"rendered":"<p>\u201cSiamo sempre sensibili e vicini alla Citt\u00e0 di Messina soprattutto quando si parla di sport, aggregazione e soprattutto ripartenza.\u201d Alessandro Faranda, Amministratore di uno dei gruppi imprenditoriali leader nel settore dell\u2019acqua a livello Regionale, ha deciso di affiancare la maratona di Messina, in programma domenica 27 marzo 2022. Un evento che torna dopo due anni [&hellip;]<\/p>\n","protected":false},"author":2,"featured_media":101968,"comment_status":"open","ping_status":"open","sticky":false,"template":"","format":"standard","meta":{"ub_ctt_via":"","_mi_skip_tracking":false},"categories":[6],"tags":[4198,361,4197,602],"featured_image_src":"https:\/\/www.messinaoggi.it\/website\/wp-content\/uploads\/2022\/03\/unnamed-1-1.jpg","author_info":{"display_name":"Redazione","author_link":"https:\/\/www.messinaoggi.it\/website\/author\/redazione\/"},"digistream_id":0,"digistream":false,"_links":{"self":[{"href":"https:\/\/www.messinaoggi.it\/website\/wp-json\/wp\/v2\/posts\/101964"}],"collection":[{"href":"https:\/\/www.messinaoggi.it\/website\/wp-json\/wp\/v2\/posts"}],"about":[{"href":"https:\/\/www.messinaoggi.it\/website\/wp-json\/wp\/v2\/types\/post"}],"author":[{"embeddable":true,"href":"https:\/\/www.messinaoggi.it\/website\/wp-json\/wp\/v2\/users\/2"}],"replies":[{"embeddable":true,"href":"https:\/\/www.messinaoggi.it\/website\/wp-json\/wp\/v2\/comments?post=101964"}],"version-history":[{"count":3,"href":"https:\/\/www.messinaoggi.it\/website\/wp-json\/wp\/v2\/posts\/101964\/revisions"}],"predecessor-version":[{"id":101973,"href":"https:\/\/www.messinaoggi.it\/website\/wp-json\/wp\/v2\/posts\/101964\/revisions\/101973"}],"wp:featuredmedia":[{"embeddable":true,"href":"https:\/\/www.messinaoggi.it\/website\/wp-json\/wp\/v2\/media\/101968"}],"wp:attachment":[{"href":"https:\/\/www.messinaoggi.it\/website\/wp-json\/wp\/v2\/media?parent=101964"}],"wp:term":[{"taxonomy":"category","embeddable":true,"href":"https:\/\/www.messinaoggi.it\/website\/wp-json\/wp\/v2\/categories?post=101964"},{"taxonomy":"post_tag","embeddable":true,"href":"https:\/\/www.messinaoggi.it\/website\/wp-json\/wp\/v2\/tags?post=101964"}],"curies":[{"name":"wp","href":"https:\/\/api.w.org\/{rel}","templated":true}]}}