{"id":101941,"date":"2022-03-25T00:07:41","date_gmt":"2022-03-24T23:07:41","guid":{"rendered":"https:\/\/www.messinaoggi.it\/website\/2022\/03\/25\/mancini-la-mia-delusione-piu-grande-futuro-non-ora\/"},"modified":"2022-03-25T09:17:06","modified_gmt":"2022-03-25T08:17:06","slug":"mancini-la-mia-delusione-piu-grande-futuro-non-ora","status":"publish","type":"post","link":"https:\/\/www.messinaoggi.it\/website\/2022\/03\/25\/mancini-la-mia-delusione-piu-grande-futuro-non-ora\/","title":{"rendered":"Mancini \u201cLa mia delusione pi\u00f9 grande. Futuro? Non ora\u201d"},"content":{"rendered":"<div>PALERMO (ITALPRESS) &#8211; &#8220;Se quella di Wembley \u00e8 la cosa pi\u00f9 bella a livello professionale, questa \u00e8 la pi\u00f9 grande delusione&#8221;. Il ct della Nazionale Roberto Mancini non nasconde il rammarico dopo la mancata qualificazione al Mondiale. Alla finale playoff va la Macedonia con un gol di Trajkovski nel recupero: &#8220;Il calcio \u00e8 cos\u00ec, accadono cose incredibili, \u00e8 difficile parlare della partita &#8211; ha detto a Rai Sport &#8211; La vittoria dell&#8217;Europeo \u00e8 stata strameritata, poi la fortuna si \u00e8 trasformata in totale sfortuna. Ci sono stati episodi, ne sarebbe bastato uno per essere al Mondiale&#8221;. Non \u00e8 il momento di pensare al futuro: &#8220;Vediamo cosa succede, la delusione \u00e8 troppo grande per parlarne ora. Ai miei ragazzi voglio pi\u00f9 bene ora che a luglio scorso&#8221;, conclude il Ct.<br \/>(ITALPRESS).<\/div>\n<div id=\"div-gpt-ad-Messinaoggi.it-DSK-300x250-corpoart\" style=\"text-align:center;margin:0 auto;\"><\/div><\/p><div id=\"videoincontent\" style=\"clear:both\";><\/div>","protected":false},"excerpt":{"rendered":"<p>PALERMO (ITALPRESS) &#8211; &#8220;Se quella di Wembley \u00e8 la cosa pi\u00f9 bella a livello professionale, questa \u00e8 la pi\u00f9 grande delusione&#8221;. Il ct della Nazionale Roberto Mancini non nasconde il rammarico dopo la mancata qualificazione al Mondiale. Alla finale playoff va la Macedonia con un gol di Trajkovski nel recupero: &#8220;Il calcio \u00e8 cos\u00ec, accadono [&hellip;]<\/p>\n","protected":false},"author":18,"featured_media":101942,"comment_status":"closed","ping_status":"closed","sticky":false,"template":"","format":"standard","meta":{"ub_ctt_via":"","_mi_skip_tracking":false},"categories":[10,446,9],"tags":[783],"featured_image_src":"https:\/\/www.messinaoggi.it\/website\/wp-content\/uploads\/2022\/03\/20220324_2319.jpg","author_info":{"display_name":"Admin","author_link":"https:\/\/www.messinaoggi.it\/website\/author\/admin\/"},"digistream_id":0,"digistream":false,"_links":{"self":[{"href":"https:\/\/www.messinaoggi.it\/website\/wp-json\/wp\/v2\/posts\/101941"}],"collection":[{"href":"https:\/\/www.messinaoggi.it\/website\/wp-json\/wp\/v2\/posts"}],"about":[{"href":"https:\/\/www.messinaoggi.it\/website\/wp-json\/wp\/v2\/types\/post"}],"author":[{"embeddable":true,"href":"https:\/\/www.messinaoggi.it\/website\/wp-json\/wp\/v2\/users\/18"}],"replies":[{"embeddable":true,"href":"https:\/\/www.messinaoggi.it\/website\/wp-json\/wp\/v2\/comments?post=101941"}],"version-history":[{"count":1,"href":"https:\/\/www.messinaoggi.it\/website\/wp-json\/wp\/v2\/posts\/101941\/revisions"}],"predecessor-version":[{"id":101949,"href":"https:\/\/www.messinaoggi.it\/website\/wp-json\/wp\/v2\/posts\/101941\/revisions\/101949"}],"wp:featuredmedia":[{"embeddable":true,"href":"https:\/\/www.messinaoggi.it\/website\/wp-json\/wp\/v2\/media\/101942"}],"wp:attachment":[{"href":"https:\/\/www.messinaoggi.it\/website\/wp-json\/wp\/v2\/media?parent=101941"}],"wp:term":[{"taxonomy":"category","embeddable":true,"href":"https:\/\/www.messinaoggi.it\/website\/wp-json\/wp\/v2\/categories?post=101941"},{"taxonomy":"post_tag","embeddable":true,"href":"https:\/\/www.messinaoggi.it\/website\/wp-json\/wp\/v2\/tags?post=101941"}],"curies":[{"name":"wp","href":"https:\/\/api.w.org\/{rel}","templated":true}]}}