{"id":10192,"date":"2017-10-23T16:21:02","date_gmt":"2017-10-23T14:21:02","guid":{"rendered":"http:\/\/www.messinaoggi.it\/website\/?p=10192"},"modified":"2017-10-23T16:21:02","modified_gmt":"2017-10-23T14:21:02","slug":"tripodi-uil-su-zes-de-vincenti-certifica-esclusione-di-messina","status":"publish","type":"post","link":"https:\/\/www.messinaoggi.it\/website\/2017\/10\/23\/tripodi-uil-su-zes-de-vincenti-certifica-esclusione-di-messina\/","title":{"rendered":"Tripodi (Uil) su Zes: &quot;De Vincenti certifica esclusione di Messina&quot;"},"content":{"rendered":"<p>In merito al dibattito, spesso astratto, riguardante la fantomatica creazione o, quantomeno, il concreto coinvolgimento in una Zes dell\u2019area di Messina, dobbiamo registrare che, al di l\u00e0 delle chiacchiere e delle inutili promesse pre-elettorali di queste settimane, i fatti concreti ci dicono che Messina \u00e8 stata gravemente cancellata da ogni idea o progetto di concreto sviluppo futuro\u201d. Lo afferma Ivan Tripodi, segretario generale della Uil Messina.<br \/>\n\u201cA darci conforto in questa drammatica analisi vi sono le limpide, quanto non condivisibili, parole del ministro Claudio De Vincenti, il quale ha definitivamente e pubblicamente chiuso la questione.<br \/>\nInfatti, sabato scorso, nel corso di una conferenza tenuta presso l\u2019Unical di Cosenza, il ministro per la Coesione Territoriale, in merito alle tante richieste e sollecitazioni che, anche in Calabria, puntavano alla creazione di pi\u00f9 Zes ha testualmente dichiarato: \u201c<em>Sulle Zes la legge \u00e8 chiara. Al centro di ciascuna zona ci deve essere un porto di rilievo europeo che in Calabria \u00e8 quello di Gioia Tauro, che \u00e8 una Zes. Questo non esclude che al porto di Gioia Tauro possano collegarsi altre strutture interportuali che consentano di migliorare la logistica in Calabria, risultato che ha interesse per tutta la regione. Ma la Zes in Calabria \u00e8 una sola ed \u00e8 centrata su Gioia Tauro<\/em>\u201d.<br \/>\nPertanto, nei fatti, al netto dei vuoti proclami, traslando sul territorio messinese il ragionamento fatto dal ministro De Vincenti, \u00e8 del tutto evidente che, preso atto delle chiare previsioni legislative, Messina, con il suo porto, non potr\u00e0 essere destinataria del riconoscimento della Zes, n\u00e9, come paventato da qualcuno, aggregata ad altri siti.<br \/>\nInsomma, il ministro De Vincenti ha certificato l\u2019esclusione di Messina dalla Zes che, dopo l\u2019Autorit\u00e0 Portuale, rappresenta una nuova tegola sul nostro martoriato e comatoso territorio\u201d.<div id=\"div-gpt-ad-Messinaoggi.it-DSK-300x250-corpoart\" style=\"text-align:center;margin:0 auto;\"><\/div><\/p>\n<div id=\"videoincontent\" style=\"clear:both\";><\/div>","protected":false},"excerpt":{"rendered":"<p>In merito al dibattito, spesso astratto, riguardante la fantomatica creazione o, quantomeno, il concreto coinvolgimento in una Zes dell\u2019area di Messina, dobbiamo registrare che, al di l\u00e0 delle chiacchiere e delle inutili promesse pre-elettorali di queste settimane, i fatti concreti ci dicono che Messina \u00e8 stata gravemente cancellata da ogni idea o progetto di concreto [&hellip;]<\/p>\n","protected":false},"author":2,"featured_media":8386,"comment_status":"closed","ping_status":"open","sticky":false,"template":"","format":"standard","meta":{"ub_ctt_via":"","_mi_skip_tracking":false},"categories":[19],"tags":[],"featured_image_src":"https:\/\/www.messinaoggi.it\/website\/wp-content\/uploads\/2017\/09\/ivan-tripodi-uilRRP_8325-2.jpg","author_info":{"display_name":"Redazione","author_link":"https:\/\/www.messinaoggi.it\/website\/author\/redazione\/"},"digistream_id":0,"digistream":false,"_links":{"self":[{"href":"https:\/\/www.messinaoggi.it\/website\/wp-json\/wp\/v2\/posts\/10192"}],"collection":[{"href":"https:\/\/www.messinaoggi.it\/website\/wp-json\/wp\/v2\/posts"}],"about":[{"href":"https:\/\/www.messinaoggi.it\/website\/wp-json\/wp\/v2\/types\/post"}],"author":[{"embeddable":true,"href":"https:\/\/www.messinaoggi.it\/website\/wp-json\/wp\/v2\/users\/2"}],"replies":[{"embeddable":true,"href":"https:\/\/www.messinaoggi.it\/website\/wp-json\/wp\/v2\/comments?post=10192"}],"version-history":[{"count":0,"href":"https:\/\/www.messinaoggi.it\/website\/wp-json\/wp\/v2\/posts\/10192\/revisions"}],"wp:featuredmedia":[{"embeddable":true,"href":"https:\/\/www.messinaoggi.it\/website\/wp-json\/wp\/v2\/media\/8386"}],"wp:attachment":[{"href":"https:\/\/www.messinaoggi.it\/website\/wp-json\/wp\/v2\/media?parent=10192"}],"wp:term":[{"taxonomy":"category","embeddable":true,"href":"https:\/\/www.messinaoggi.it\/website\/wp-json\/wp\/v2\/categories?post=10192"},{"taxonomy":"post_tag","embeddable":true,"href":"https:\/\/www.messinaoggi.it\/website\/wp-json\/wp\/v2\/tags?post=10192"}],"curies":[{"name":"wp","href":"https:\/\/api.w.org\/{rel}","templated":true}]}}