{"id":10188,"date":"2017-10-23T16:12:34","date_gmt":"2017-10-23T14:12:34","guid":{"rendered":"http:\/\/www.messinaoggi.it\/website\/?p=10188"},"modified":"2017-10-23T16:12:34","modified_gmt":"2017-10-23T14:12:34","slug":"musumeci-non-votate-fanatismo-e-improvvisazione","status":"publish","type":"post","link":"https:\/\/www.messinaoggi.it\/website\/2017\/10\/23\/musumeci-non-votate-fanatismo-e-improvvisazione\/","title":{"rendered":"Musumeci: &quot;Non votate fanatismo e improvvisazione&quot;"},"content":{"rendered":"<div>&#8220;Le mie mani hanno gestito 930 miliardi di euro in 10 anni: non so nuotare, n\u00e9 sciare ma so fare una cosa che si chiama governare&#8221;: le parole di\u00a0<b>Nello Musumeci<\/b>\u00a0ieri sera al comizio elettorale nel Palatenda di Brolo, gremito con duemila persone, a sostegno della candidatura in Forza Italia del deputato regionale\u00a0<b>Nino German\u00e0<\/b>. &#8220;Ho amministrato per tanti anni una delle provincie pi\u00f9 grandi del Sud Italia &#8211; ha detto &#8211; e l&#8217;ho portata ai primi posti per indice di gradimento e vari altri parametri di qualit\u00e0 e non so com&#8217;\u00e8 fatto un avviso di garanzia. Io non ho uno slogan: il mio slogan \u00e8 la mia storia personale&#8221;. Non ha usato mezzi termini il candidato favorito dai sondaggi elettorali in queste ultime settimane, che ha sparato a zero sia contro i grillini che contro Crocetta: &#8220;I seguaci di Grillo sono fanatici, ignoranti, presuntuosi. Cancelleri mi invita ad un confronto, ma lui non ha mai amministrato neanche un condominio quindi in cosa dovrei confrontarmi con lui? &#8211; ha proseguito Musumeci &#8211; dopo cinque anni di disamministrazione di questa Regione, non possiamo permetterci di consegnare la Sicilia nella mani di gente improvvisata. Non hanno ancora gestito nulla e gi\u00e0 vari loro rappresentanti sono indagati. La sorella di Cancelleri \u00e8 stata eletta deputata con 60 voti, mia sorella vive con la pensione sociale&#8221;. Non mira a far fare carriere a nessuno e dir\u00e0 molti no: &#8220;Se vinco, questa sar\u00e0 la mia ultima esperienza politica, dunque ho un solo obiettivo: migliorare questa terra e restituirla meglio di come la trovo. La politica non pu\u00f2 fare contenti tutti, non mi far\u00f2 tirare dalla giacca, soprattutto da quei politici impresentabili che dovevano essere esclusi dai partiti&#8221;. Musumeci ha poi elegiato la storia familiare dei German\u00e0: &#8220;Hanno sempre dato contributi positivi alla politica e al territorio: persone capaci e oneste, vicine alla gente, alle necessit\u00e0 dei paesi della zona nebroidea. In particolare Nino ha qualit\u00e0 superiori alla media, \u00e8 un galantuomo di altri tempi, competente e instancabile nel lavoro&#8221;.<\/div>\n<div><\/div>\n<div><img loading=\"lazy\" class=\"alignnone size-medium wp-image-10191\" src=\"http:\/\/www.messinaoggi.it\/website\/wp-content\/uploads\/2017\/10\/GERMANA-300x225.jpg\" alt=\"\" width=\"300\" height=\"225\" \/><\/div>\n<div>Parole che hanno emozionato il deputato di Forza Italia, presentato a inizio serata da un altro &#8220;big&#8221; del Centrodestra,\u00a0<b>Nanni Ricevuto<\/b>, ex sottosegretario e presidente della Provincia, che ha espresso parole di grande ammirazione e stima nei confronti del collega: &#8220;L&#8217;affetto e l&#8217;apprezzamento che nutro nei confronti dell&#8217;amico Nino \u00e8 sincero e profondo: non \u00e8 facile trovare esponenti come lui, pronti a lasciare un posto sicuro al Parlamento nazionale per tornare in Sicilia com&#8217;\u00e8 successo cinque anni fa quando si \u00e8 rimesso in gioco, ha affrontato una campagna elettorale riscuotendo ampio consenso e stando vicino alla sua gente, perch\u00e8 lui \u00e8 un vero politico del territorio&#8221;.<\/div>\n<div>Ad arricchire la serata due eccellenze siciliane presentate da\u00a0<b>Alfredo Lo Faro<\/b>: i musicisti\u00a0<b>Pietro Adragna<\/b>, pluricampione di fisarmonica, e\u00a0<b>Francesco Buzzurro<\/b>, straordinario chitarrista, i quali hanno voluto omaggiare il pubblico con medley di pezzi noti per dimostrare la loro vicinanza al candidato. A concludere la serata \u00e8 stato proprio German\u00e0, visibilmente commosso: &#8220;Sono abituato a parlare spesso in pubblico ma quando mi trovo di fronte il mio paese, non \u00e8 facile trattenere le emozioni. Io non chiedo voti in giro per i negozi, spero e penso di meritare la preferenza: se verr\u00f2 eletto, continuer\u00f2 a fare quello che ho fatto durante questo mandato. Cito soltanto alcune delle cose di cui vado orgoglioso: dal salvataggio dell&#8217;ospedale Piemonte, ora accorpato all&#8217;IRCCS Neurolesi, che porta la mia firma grazie all&#8217;aiuto del ministro della Salute Beatrice Lorenzin al disegno di legge sull&#8217;autonomia finanziaria dei parchi aercheologici e l&#8217;istituzione di quello di Tindari, dalla riapertura del Museo Regionale di Messina, dopo 30 anni di stasi alla creazione di una classa dirigente giovane e ancora tantissime interrogazioni parlamentari e proposte di legge. Sar\u00e0 vicino &#8211; ha continuato German\u00e0 &#8211; soprattutto ai sindaci, che spesso nello Stato non trovano un alleato, ma un nemico&#8221;.<\/div>\n<div><\/div>\n<div id=\"div-gpt-ad-Messinaoggi.it-DSK-300x250-corpoart\" style=\"text-align:center;margin:0 auto;\"><\/div><\/p><div id=\"videoincontent\" style=\"clear:both\";><\/div>","protected":false},"excerpt":{"rendered":"<p>&#8220;Le mie mani hanno gestito 930 miliardi di euro in 10 anni: non so nuotare, n\u00e9 sciare ma so fare una cosa che si chiama governare&#8221;: le parole di\u00a0Nello Musumeci\u00a0ieri sera al comizio elettorale nel Palatenda di Brolo, gremito con duemila persone, a sostegno della candidatura in Forza Italia del deputato regionale\u00a0Nino German\u00e0. &#8220;Ho amministrato [&hellip;]<\/p>\n","protected":false},"author":2,"featured_media":10190,"comment_status":"closed","ping_status":"open","sticky":false,"template":"","format":"standard","meta":{"ub_ctt_via":"","_mi_skip_tracking":false},"categories":[6],"tags":[],"featured_image_src":"https:\/\/www.messinaoggi.it\/website\/wp-content\/uploads\/2017\/10\/Nello-Musumeci-e-Nino-Germana09\u0300.jpg","author_info":{"display_name":"Redazione","author_link":"https:\/\/www.messinaoggi.it\/website\/author\/redazione\/"},"digistream_id":0,"digistream":false,"_links":{"self":[{"href":"https:\/\/www.messinaoggi.it\/website\/wp-json\/wp\/v2\/posts\/10188"}],"collection":[{"href":"https:\/\/www.messinaoggi.it\/website\/wp-json\/wp\/v2\/posts"}],"about":[{"href":"https:\/\/www.messinaoggi.it\/website\/wp-json\/wp\/v2\/types\/post"}],"author":[{"embeddable":true,"href":"https:\/\/www.messinaoggi.it\/website\/wp-json\/wp\/v2\/users\/2"}],"replies":[{"embeddable":true,"href":"https:\/\/www.messinaoggi.it\/website\/wp-json\/wp\/v2\/comments?post=10188"}],"version-history":[{"count":0,"href":"https:\/\/www.messinaoggi.it\/website\/wp-json\/wp\/v2\/posts\/10188\/revisions"}],"wp:featuredmedia":[{"embeddable":true,"href":"https:\/\/www.messinaoggi.it\/website\/wp-json\/wp\/v2\/media\/10190"}],"wp:attachment":[{"href":"https:\/\/www.messinaoggi.it\/website\/wp-json\/wp\/v2\/media?parent=10188"}],"wp:term":[{"taxonomy":"category","embeddable":true,"href":"https:\/\/www.messinaoggi.it\/website\/wp-json\/wp\/v2\/categories?post=10188"},{"taxonomy":"post_tag","embeddable":true,"href":"https:\/\/www.messinaoggi.it\/website\/wp-json\/wp\/v2\/tags?post=10188"}],"curies":[{"name":"wp","href":"https:\/\/api.w.org\/{rel}","templated":true}]}}