{"id":101834,"date":"2022-03-24T13:07:18","date_gmt":"2022-03-24T12:07:18","guid":{"rendered":"http:\/\/www.messinaoggi.it\/website\/?p=101834"},"modified":"2022-03-24T13:10:39","modified_gmt":"2022-03-24T12:10:39","slug":"ponte-sullo-stretto-ce-il-calendario","status":"publish","type":"post","link":"https:\/\/www.messinaoggi.it\/website\/2022\/03\/24\/ponte-sullo-stretto-ce-il-calendario\/","title":{"rendered":"Ponte sullo Stretto, c&#8217;\u00e8 il calendario"},"content":{"rendered":"\n<p>&#8220;Sul ponte di Messina posso finalmente dire che Rfi ci ha comunicato il calendario di avvio dei lavori e quindi daremo notizia a brevissimo sui tempi dell&#8217;operazione, un&#8217;operazione complessa&#8221;. Queste le parole del ministro delle Infrastrutture e della mobilit\u00e0 sostenibili, Enrico Giovannini, in audizione alla Commissione bilancio del Senato, in risposta a una domanda.<div id=\"div-gpt-ad-Messinaoggi.it-DSK-300x250-corpoart\" style=\"text-align:center;margin:0 auto;\"><\/div><\/p>\n\n\n\n<p>&#8220;Da questa estate il tempo di attraversamento ferroviario dello Stretto si ridurr\u00e0 di un&#8217;ora su tre&#8221;, ha aggiunto Giovannini, spiegando che ci\u00f2 \u00e8 possibile grazie alla &#8220;nuova nave ibrida di Rfi e gli altri investimenti&#8221; come &#8220;l&#8217;elettrificazione dei treni che evita agli stessi treni di fare complicate manovre&#8221;. <div id=\"videoincontent\" style=\"clear:both\";><\/div><\/p>\n","protected":false},"excerpt":{"rendered":"<p>&#8220;Sul ponte di Messina posso finalmente dire che Rfi ci ha comunicato il calendario di avvio dei lavori e quindi daremo notizia a brevissimo sui tempi dell&#8217;operazione, un&#8217;operazione complessa&#8221;. Queste le parole del ministro delle Infrastrutture e della mobilit\u00e0 sostenibili, Enrico Giovannini, in audizione alla Commissione bilancio del Senato, in risposta a una domanda. &#8220;Da [&hellip;]<\/p>\n","protected":false},"author":4,"featured_media":55126,"comment_status":"open","ping_status":"open","sticky":false,"template":"","format":"standard","meta":{"ub_ctt_via":"","_mi_skip_tracking":false},"categories":[6],"tags":[632,630],"featured_image_src":"https:\/\/www.messinaoggi.it\/website\/wp-content\/uploads\/2021\/03\/61pl948mvyl7ng1b7e52kao3.jpg","author_info":{"display_name":"redme","author_link":"https:\/\/www.messinaoggi.it\/website\/author\/redme\/"},"digistream_id":0,"digistream":false,"_links":{"self":[{"href":"https:\/\/www.messinaoggi.it\/website\/wp-json\/wp\/v2\/posts\/101834"}],"collection":[{"href":"https:\/\/www.messinaoggi.it\/website\/wp-json\/wp\/v2\/posts"}],"about":[{"href":"https:\/\/www.messinaoggi.it\/website\/wp-json\/wp\/v2\/types\/post"}],"author":[{"embeddable":true,"href":"https:\/\/www.messinaoggi.it\/website\/wp-json\/wp\/v2\/users\/4"}],"replies":[{"embeddable":true,"href":"https:\/\/www.messinaoggi.it\/website\/wp-json\/wp\/v2\/comments?post=101834"}],"version-history":[{"count":1,"href":"https:\/\/www.messinaoggi.it\/website\/wp-json\/wp\/v2\/posts\/101834\/revisions"}],"predecessor-version":[{"id":101835,"href":"https:\/\/www.messinaoggi.it\/website\/wp-json\/wp\/v2\/posts\/101834\/revisions\/101835"}],"wp:featuredmedia":[{"embeddable":true,"href":"https:\/\/www.messinaoggi.it\/website\/wp-json\/wp\/v2\/media\/55126"}],"wp:attachment":[{"href":"https:\/\/www.messinaoggi.it\/website\/wp-json\/wp\/v2\/media?parent=101834"}],"wp:term":[{"taxonomy":"category","embeddable":true,"href":"https:\/\/www.messinaoggi.it\/website\/wp-json\/wp\/v2\/categories?post=101834"},{"taxonomy":"post_tag","embeddable":true,"href":"https:\/\/www.messinaoggi.it\/website\/wp-json\/wp\/v2\/tags?post=101834"}],"curies":[{"name":"wp","href":"https:\/\/api.w.org\/{rel}","templated":true}]}}