{"id":101810,"date":"2022-03-24T09:07:35","date_gmt":"2022-03-24T08:07:35","guid":{"rendered":"https:\/\/www.messinaoggi.it\/website\/2022\/03\/24\/ucraina-mattarella-lattacco-colpisce-le-fondamenta-della-democrazia\/"},"modified":"2022-03-24T09:07:35","modified_gmt":"2022-03-24T08:07:35","slug":"ucraina-mattarella-lattacco-colpisce-le-fondamenta-della-democrazia","status":"publish","type":"post","link":"https:\/\/www.messinaoggi.it\/website\/2022\/03\/24\/ucraina-mattarella-lattacco-colpisce-le-fondamenta-della-democrazia\/","title":{"rendered":"Ucraina, Mattarella \u201cL\u2019attacco colpisce le fondamenta della democrazia\u201d"},"content":{"rendered":"<div>ROMA (ITALPRESS) &#8211; \u00abL&#8217;Associazione Nazionale Partigiani d&#8217;Italia celebra il suo 17esimo congresso in un momento drammatico. L&#8217;ingiustificabile aggressione al popolo ucraino di cui si \u00e8 resa responsabile la Federazione russa ha fatto ripiombare il Continente europeo in un tempo di stragi, di distruzioni, di esodi forzati che fermamente intendevamo non avessero pi\u00f9 a riprodursi dopo le tragiche vicende della Seconda guerra mondiale&#8221;.  Cos\u00ec il presidente della Repubblica Sergio Mattarella in un messaggio al congresso dell&#8217;Anpi. <br \/>&#8220;Ancora una volta &#8211; aggiunge &#8211; esono le sofferenze delle popolazioni civili a scuotere in profondit\u00e0 le coscienze, a provocare ferite che non sar\u00e0 facile rimarginare&#8221;.<br \/>Il bersaglio della guerra &#8220;non \u00e8 soltanto la pretesa di sottomettere un Paese indipendente quale \u00e8 l&#8217;Ucraina. L&#8217;attacco colpisce le fondamenta della democrazia, rigenerata dalla lotta al nazifascismo, dall&#8217;affermazione dei valori della Liberazione combattuta dai movimenti europei di Resistenza, rinsaldata dalle Costituzioni che hanno posto la libert\u00e0 e i diritti inviolabili dell&#8217;uomo alle fondamenta della nostra convivenza.<br \/>La democrazia europea \u00e8 stata garante di pace, motore di dialogo, di sviluppo e affermazione di valori di giustizia e coesione sociale. Ha saputo dare all&#8217;unit\u00e0 del Continente &#8211; pur con i suoi limiti &#8211; ordinamenti plurali e condivisi e oggi questa unit\u00e0 si esprime al fianco del popolo aggredito, chiedendo che tacciano subito le armi, che si ritirino le forze di invasione, che venga affermato il diritto del popolo ucraino a vivere in pace e in libert\u00e0. Sono i valori della Resistenza che, ancora una volta, ci interrogano. In Ucraina e in tutta Europa&#8221;.<br \/>&#8220;Pace e libert\u00e0, diritti delle persone e delle comunit\u00e0 &#8211; aggiunge &#8211; sono caposaldi inscindibili e costituiscono traguardi che i cittadini del Continente oggi intendono riguadagnare per comporre un nuovo quadro di sicurezza, di cooperazione, di convivenza.<br \/>Il congresso dell&#8217;Anpi, associazione che raccoglie l&#8217;eredit\u00e0 di coloro che hanno lottato per la libert\u00e0, sar\u00e0 certamente, ancora una volta, un momento importante di testimonianza e di riflessione. Di solidariet\u00e0 attiva con chi sta resistendo, di ricerca di una pace su cui ricostruire civilt\u00e0 e diritto. I principi, vivi e attuali, della nostra Carta costituzionale agiscano da guida\u00bb.<br \/>(ITALPRESS).<\/div>\n<div id=\"div-gpt-ad-Messinaoggi.it-DSK-300x250-corpoart\" style=\"text-align:center;margin:0 auto;\"><\/div><\/p><div id=\"videoincontent\" style=\"clear:both\";><\/div>","protected":false},"excerpt":{"rendered":"<p>ROMA (ITALPRESS) &#8211; \u00abL&#8217;Associazione Nazionale Partigiani d&#8217;Italia celebra il suo 17esimo congresso in un momento drammatico. L&#8217;ingiustificabile aggressione al popolo ucraino di cui si \u00e8 resa responsabile la Federazione russa ha fatto ripiombare il Continente europeo in un tempo di stragi, di distruzioni, di esodi forzati che fermamente intendevamo non avessero pi\u00f9 a riprodursi dopo [&hellip;]<\/p>\n","protected":false},"author":18,"featured_media":101811,"comment_status":"closed","ping_status":"closed","sticky":false,"template":"","format":"standard","meta":{"ub_ctt_via":"","_mi_skip_tracking":false},"categories":[446],"tags":[783],"featured_image_src":"https:\/\/www.messinaoggi.it\/website\/wp-content\/uploads\/2022\/03\/20220324_0091.jpg","author_info":{"display_name":"Admin","author_link":"https:\/\/www.messinaoggi.it\/website\/author\/admin\/"},"digistream_id":0,"digistream":false,"_links":{"self":[{"href":"https:\/\/www.messinaoggi.it\/website\/wp-json\/wp\/v2\/posts\/101810"}],"collection":[{"href":"https:\/\/www.messinaoggi.it\/website\/wp-json\/wp\/v2\/posts"}],"about":[{"href":"https:\/\/www.messinaoggi.it\/website\/wp-json\/wp\/v2\/types\/post"}],"author":[{"embeddable":true,"href":"https:\/\/www.messinaoggi.it\/website\/wp-json\/wp\/v2\/users\/18"}],"replies":[{"embeddable":true,"href":"https:\/\/www.messinaoggi.it\/website\/wp-json\/wp\/v2\/comments?post=101810"}],"version-history":[{"count":0,"href":"https:\/\/www.messinaoggi.it\/website\/wp-json\/wp\/v2\/posts\/101810\/revisions"}],"wp:featuredmedia":[{"embeddable":true,"href":"https:\/\/www.messinaoggi.it\/website\/wp-json\/wp\/v2\/media\/101811"}],"wp:attachment":[{"href":"https:\/\/www.messinaoggi.it\/website\/wp-json\/wp\/v2\/media?parent=101810"}],"wp:term":[{"taxonomy":"category","embeddable":true,"href":"https:\/\/www.messinaoggi.it\/website\/wp-json\/wp\/v2\/categories?post=101810"},{"taxonomy":"post_tag","embeddable":true,"href":"https:\/\/www.messinaoggi.it\/website\/wp-json\/wp\/v2\/tags?post=101810"}],"curies":[{"name":"wp","href":"https:\/\/api.w.org\/{rel}","templated":true}]}}