{"id":101645,"date":"2022-03-22T18:11:55","date_gmt":"2022-03-22T17:11:55","guid":{"rendered":"http:\/\/www.messinaoggi.it\/website\/?p=101645"},"modified":"2022-03-22T18:12:38","modified_gmt":"2022-03-22T17:12:38","slug":"proroga-precari-covid-galluzzo-giusto-riconoscimento-agli-operatori-sanitari","status":"publish","type":"post","link":"https:\/\/www.messinaoggi.it\/website\/2022\/03\/22\/proroga-precari-covid-galluzzo-giusto-riconoscimento-agli-operatori-sanitari\/","title":{"rendered":"Proroga precari Covid. Galluzzo: &#8220;Giusto riconoscimento agli operatori sanitari&#8221;"},"content":{"rendered":"\n<p>&#8220;La direttiva sui precari Covid siciliani disposta dall&#8217;assessore Ruggero Razza \u00e8 il giusto riconoscimento a tutti gli operatori sanitari e amministrativi che in questi due anni hanno fronteggiato con professionalit\u00e0 e spirito di abnegazione l&#8217;emergenza pandemica&#8221;. Lo afferma Pino Galluzzo, deputato regionale di Diventer\u00e0Bellissima e componente della Commissione Sanit\u00e0 dell&#8217;Ars, aggiungendo: &#8220;Oltre alla proroga fino al 31 dicembre 2022 si danno precise disposizioni anche sui percorsi di stabilizzazione possibili secondo la normativa ora vigente a livello nazionale. Certamente la Sanit\u00e0 siciliana potr\u00e0 trarre grande giovamento dall&#8217;apporto di queste professionalit\u00e0 anche al cessare dell&#8217;emergenza legata al Covid e nell&#8217;ottica del potenziamento che sar\u00e0 garantito con le nuove strutture sanitarie previste dal Pnrr&#8221;.<div id=\"div-gpt-ad-Messinaoggi.it-DSK-300x250-corpoart\" style=\"text-align:center;margin:0 auto;\"><\/div><\/p>\n<div id=\"videoincontent\" style=\"clear:both\";><\/div>","protected":false},"excerpt":{"rendered":"<p>&#8220;La direttiva sui precari Covid siciliani disposta dall&#8217;assessore Ruggero Razza \u00e8 il giusto riconoscimento a tutti gli operatori sanitari e amministrativi che in questi due anni hanno fronteggiato con professionalit\u00e0 e spirito di abnegazione l&#8217;emergenza pandemica&#8221;. Lo afferma Pino Galluzzo, deputato regionale di Diventer\u00e0Bellissima e componente della Commissione Sanit\u00e0 dell&#8217;Ars, aggiungendo: &#8220;Oltre alla proroga fino [&hellip;]<\/p>\n","protected":false},"author":4,"featured_media":47647,"comment_status":"open","ping_status":"open","sticky":false,"template":"","format":"standard","meta":{"ub_ctt_via":"","_mi_skip_tracking":false},"categories":[221],"tags":[227,1334],"featured_image_src":"https:\/\/www.messinaoggi.it\/website\/wp-content\/uploads\/2020\/10\/Pino-Galluzzo-foto.jpg","author_info":{"display_name":"redme","author_link":"https:\/\/www.messinaoggi.it\/website\/author\/redme\/"},"digistream_id":0,"digistream":false,"_links":{"self":[{"href":"https:\/\/www.messinaoggi.it\/website\/wp-json\/wp\/v2\/posts\/101645"}],"collection":[{"href":"https:\/\/www.messinaoggi.it\/website\/wp-json\/wp\/v2\/posts"}],"about":[{"href":"https:\/\/www.messinaoggi.it\/website\/wp-json\/wp\/v2\/types\/post"}],"author":[{"embeddable":true,"href":"https:\/\/www.messinaoggi.it\/website\/wp-json\/wp\/v2\/users\/4"}],"replies":[{"embeddable":true,"href":"https:\/\/www.messinaoggi.it\/website\/wp-json\/wp\/v2\/comments?post=101645"}],"version-history":[{"count":2,"href":"https:\/\/www.messinaoggi.it\/website\/wp-json\/wp\/v2\/posts\/101645\/revisions"}],"predecessor-version":[{"id":101647,"href":"https:\/\/www.messinaoggi.it\/website\/wp-json\/wp\/v2\/posts\/101645\/revisions\/101647"}],"wp:featuredmedia":[{"embeddable":true,"href":"https:\/\/www.messinaoggi.it\/website\/wp-json\/wp\/v2\/media\/47647"}],"wp:attachment":[{"href":"https:\/\/www.messinaoggi.it\/website\/wp-json\/wp\/v2\/media?parent=101645"}],"wp:term":[{"taxonomy":"category","embeddable":true,"href":"https:\/\/www.messinaoggi.it\/website\/wp-json\/wp\/v2\/categories?post=101645"},{"taxonomy":"post_tag","embeddable":true,"href":"https:\/\/www.messinaoggi.it\/website\/wp-json\/wp\/v2\/tags?post=101645"}],"curies":[{"name":"wp","href":"https:\/\/api.w.org\/{rel}","templated":true}]}}