{"id":101640,"date":"2022-03-22T17:46:11","date_gmt":"2022-03-22T16:46:11","guid":{"rendered":"http:\/\/www.messinaoggi.it\/website\/?p=101640"},"modified":"2022-03-22T18:07:02","modified_gmt":"2022-03-22T17:07:02","slug":"vaccini-proroga-contratti-al-personale","status":"publish","type":"post","link":"https:\/\/www.messinaoggi.it\/website\/2022\/03\/22\/vaccini-proroga-contratti-al-personale\/","title":{"rendered":"Vaccini, proroga contratti al personale"},"content":{"rendered":"\n<p>&#8220;Il testo presentato oggi all&#8217;Ars dall&#8217;assessore Regionale alla Salute, Ruggero Razza, prevede il mantenimento delle persone che hanno contribuito alla nascita e alla prosecuzione delle strutture vaccinali e degli hub. Poi si vedr\u00e0 nel tempo cosa ne sar\u00e0 ma intanto \u00e8 un grande segnale di attenzione nei confronti di tutti quelli che hanno lavorato a questa causa, da Palermo a Catania,\u00a0<strong>MESSINA<\/strong>\u00a0e tutte le provincie siciliane&#8221;. Lo ha detto il commissario per l&#8217;emergenza Covid di Palermo, Renato Costa, al padiglione 4 della Fiera del Mediterraneo di Palermo, a margine della presentazione dell&#8217;area dedicata all&#8217;accoglienza dei profughi ucraini.<div id=\"div-gpt-ad-Messinaoggi.it-DSK-300x250-corpoart\" style=\"text-align:center;margin:0 auto;\"><\/div><\/p>\n<div id=\"videoincontent\" style=\"clear:both\";><\/div>","protected":false},"excerpt":{"rendered":"<p>&#8220;Il testo presentato oggi all&#8217;Ars dall&#8217;assessore Regionale alla Salute, Ruggero Razza, prevede il mantenimento delle persone che hanno contribuito alla nascita e alla prosecuzione delle strutture vaccinali e degli hub. Poi si vedr\u00e0 nel tempo cosa ne sar\u00e0 ma intanto \u00e8 un grande segnale di attenzione nei confronti di tutti quelli che hanno lavorato a [&hellip;]<\/p>\n","protected":false},"author":2,"featured_media":78266,"comment_status":"open","ping_status":"open","sticky":false,"template":"","format":"standard","meta":{"ub_ctt_via":"","_mi_skip_tracking":false},"categories":[221],"tags":[227,3490,569],"featured_image_src":"https:\/\/www.messinaoggi.it\/website\/wp-content\/uploads\/2021\/08\/vaccini-covid.jpeg","author_info":{"display_name":"Redazione","author_link":"https:\/\/www.messinaoggi.it\/website\/author\/redazione\/"},"digistream_id":0,"digistream":false,"_links":{"self":[{"href":"https:\/\/www.messinaoggi.it\/website\/wp-json\/wp\/v2\/posts\/101640"}],"collection":[{"href":"https:\/\/www.messinaoggi.it\/website\/wp-json\/wp\/v2\/posts"}],"about":[{"href":"https:\/\/www.messinaoggi.it\/website\/wp-json\/wp\/v2\/types\/post"}],"author":[{"embeddable":true,"href":"https:\/\/www.messinaoggi.it\/website\/wp-json\/wp\/v2\/users\/2"}],"replies":[{"embeddable":true,"href":"https:\/\/www.messinaoggi.it\/website\/wp-json\/wp\/v2\/comments?post=101640"}],"version-history":[{"count":1,"href":"https:\/\/www.messinaoggi.it\/website\/wp-json\/wp\/v2\/posts\/101640\/revisions"}],"predecessor-version":[{"id":101641,"href":"https:\/\/www.messinaoggi.it\/website\/wp-json\/wp\/v2\/posts\/101640\/revisions\/101641"}],"wp:featuredmedia":[{"embeddable":true,"href":"https:\/\/www.messinaoggi.it\/website\/wp-json\/wp\/v2\/media\/78266"}],"wp:attachment":[{"href":"https:\/\/www.messinaoggi.it\/website\/wp-json\/wp\/v2\/media?parent=101640"}],"wp:term":[{"taxonomy":"category","embeddable":true,"href":"https:\/\/www.messinaoggi.it\/website\/wp-json\/wp\/v2\/categories?post=101640"},{"taxonomy":"post_tag","embeddable":true,"href":"https:\/\/www.messinaoggi.it\/website\/wp-json\/wp\/v2\/tags?post=101640"}],"curies":[{"name":"wp","href":"https:\/\/api.w.org\/{rel}","templated":true}]}}