{"id":101603,"date":"2022-03-22T14:07:42","date_gmt":"2022-03-22T13:07:42","guid":{"rendered":"https:\/\/www.messinaoggi.it\/website\/2022\/03\/22\/verratti-abituati-alle-pressioni-sara-grande-italia\/"},"modified":"2022-03-22T18:08:23","modified_gmt":"2022-03-22T17:08:23","slug":"verratti-abituati-alle-pressioni-sara-grande-italia","status":"publish","type":"post","link":"https:\/\/www.messinaoggi.it\/website\/2022\/03\/22\/verratti-abituati-alle-pressioni-sara-grande-italia\/","title":{"rendered":"Verratti \u201cAbituati alle pressioni, sar\u00e0 grande Italia\u201d"},"content":{"rendered":"<div>FIRENZE (ITALPRESS) &#8211; &#8220;Siamo abituati a giocare con questa pressione, \u00e8 un momento professionale importantissimo, non possiamo permetterci di essere fuori dal Mondiale ma l&#8217;unica cosa che conosco perch\u00e8 ci\u00f2 non accada \u00e8 lavorare. Sono convinto che faremo una grande partita. Sono in squadra con anche alcuni portoghesi e ci temono un p\u00f2 per quello che abbiamo fatto e per quello che siamo&#8221;. Lo ha detto il centrocampista azzurro Marco Verratti, parlando dal ritiro di Coverciano dove la Nazionale italiana sta preparando la semifinale play-off per i mondiali di &#8216;Qatar 2022&#8217; in programma gioved\u00ec a Palermo contro la Macedonia. &#8220;Con il club non viviamo un grande momento perch\u00e8 abbiamo obiettivi diversi &#8211; ha aggiunto il centrocampista del Psg -. Dispiace per l&#8217;eliminazione con il Real Madrid ma ora pensiamo solo alla Nazionale e ci alleniamo al meglio perch\u00e8 tutti vogliamo andare al Mondiale&#8221;. Verratti crede negli azzurri e nel modo di lavorare della Nazionale campione d&#8217;Europa. &#8220;Ci aspettano due partite importantissime ma bisogna essere fiduciosi, pensare al campo, non a quello che ci aspetta, con entusiasmo, allegria, aiutandoci l&#8217;uno con l&#8217;altro per vincere entrambe le gare. La prima sar\u00e0 la pi\u00f9 difficile &#8211; ha aggiunto Verratti -. Cos\u00ec come  all&#8217;Europeo serviranno entusiasmo e allegria per arrivare lontano. Siamo qui, siamo pronti, ci alleniamo alla grande perch\u00e8 sappiamo che ci aspetta una grande partita&#8221;.<br \/>Verratti \u00e8 uno dei giocatori che nel 2018 fall\u00ec la qualificazione al Mondiale e l&#8217;eliminazione con la Svezia non l&#8217;ha dimenticata. &#8220;Penso che i momenti difficili della vita rimangano sempre, rimane qualcosa dopo certe sconfitte, sappiamo che dobbiamo dare di pi\u00f9 affinch\u00e8 non accada pi\u00f9, che tutto dipende da noi e noi pensiamo a fare una grande partita. Rispetto alla gara contro la Svezia c&#8217;\u00e8 un clima diverso, vorremmo giocare gi\u00e0 adesso per dimostrare che ci siamo&#8221;. Qualche problema di formazione, ma Verratti non ha dubbi e punta sul gruppo. &#8220;All&#8217;Europeo abbiamo sempre dimostrato che tutti siamo importanti &#8211; spiega -. In queste partite non \u00e8 importante chi gioca, chi fa gol o chi fa un assist. E&#8217; importante il gruppo. Le scelte spetteranno al mister che ha dimostrato gi\u00e0 le sue capacit\u00e0&#8221;.<br \/>(ITALPRESS).<\/div>\n<div id=\"div-gpt-ad-Messinaoggi.it-DSK-300x250-corpoart\" style=\"text-align:center;margin:0 auto;\"><\/div><\/p><div id=\"videoincontent\" style=\"clear:both\";><\/div>","protected":false},"excerpt":{"rendered":"<p>FIRENZE (ITALPRESS) &#8211; &#8220;Siamo abituati a giocare con questa pressione, \u00e8 un momento professionale importantissimo, non possiamo permetterci di essere fuori dal Mondiale ma l&#8217;unica cosa che conosco perch\u00e8 ci\u00f2 non accada \u00e8 lavorare. Sono convinto che faremo una grande partita. Sono in squadra con anche alcuni portoghesi e ci temono un p\u00f2 per quello [&hellip;]<\/p>\n","protected":false},"author":18,"featured_media":101604,"comment_status":"closed","ping_status":"closed","sticky":false,"template":"","format":"standard","meta":{"ub_ctt_via":"","_mi_skip_tracking":false},"categories":[10,446,9],"tags":[783],"featured_image_src":"https:\/\/www.messinaoggi.it\/website\/wp-content\/uploads\/2022\/03\/verratti_live_220322bis.jpg","author_info":{"display_name":"Admin","author_link":"https:\/\/www.messinaoggi.it\/website\/author\/admin\/"},"digistream_id":0,"digistream":false,"_links":{"self":[{"href":"https:\/\/www.messinaoggi.it\/website\/wp-json\/wp\/v2\/posts\/101603"}],"collection":[{"href":"https:\/\/www.messinaoggi.it\/website\/wp-json\/wp\/v2\/posts"}],"about":[{"href":"https:\/\/www.messinaoggi.it\/website\/wp-json\/wp\/v2\/types\/post"}],"author":[{"embeddable":true,"href":"https:\/\/www.messinaoggi.it\/website\/wp-json\/wp\/v2\/users\/18"}],"replies":[{"embeddable":true,"href":"https:\/\/www.messinaoggi.it\/website\/wp-json\/wp\/v2\/comments?post=101603"}],"version-history":[{"count":1,"href":"https:\/\/www.messinaoggi.it\/website\/wp-json\/wp\/v2\/posts\/101603\/revisions"}],"predecessor-version":[{"id":101644,"href":"https:\/\/www.messinaoggi.it\/website\/wp-json\/wp\/v2\/posts\/101603\/revisions\/101644"}],"wp:featuredmedia":[{"embeddable":true,"href":"https:\/\/www.messinaoggi.it\/website\/wp-json\/wp\/v2\/media\/101604"}],"wp:attachment":[{"href":"https:\/\/www.messinaoggi.it\/website\/wp-json\/wp\/v2\/media?parent=101603"}],"wp:term":[{"taxonomy":"category","embeddable":true,"href":"https:\/\/www.messinaoggi.it\/website\/wp-json\/wp\/v2\/categories?post=101603"},{"taxonomy":"post_tag","embeddable":true,"href":"https:\/\/www.messinaoggi.it\/website\/wp-json\/wp\/v2\/tags?post=101603"}],"curies":[{"name":"wp","href":"https:\/\/api.w.org\/{rel}","templated":true}]}}