{"id":10154,"date":"2017-10-23T10:07:44","date_gmt":"2017-10-23T08:07:44","guid":{"rendered":"http:\/\/www.messinaoggi.it\/website\/?p=10154"},"modified":"2017-10-23T10:07:44","modified_gmt":"2017-10-23T08:07:44","slug":"il-cantastorie-franco-trincale-ospite-allunime","status":"publish","type":"post","link":"https:\/\/www.messinaoggi.it\/website\/2017\/10\/23\/il-cantastorie-franco-trincale-ospite-allunime\/","title":{"rendered":"Il cantastorie Franco Trincale ospite all&#039;UniMe"},"content":{"rendered":"<p style=\"text-align: justify\"><strong>Franco Trincale<\/strong>, cantante e cantastorie italiano, sar\u00e0 ospite il 25 Ottobre presso l&#8217;auditorium del dipartimento di civilt\u00e0 antiche e moderne dell&#8217;UniMe. E&#8217; stata organizzata una conferenza-recital <strong>\u201cLa piazza fa scuola. Franco Trincale, cantastorie all\u2019universit\u00e0\u201d<\/strong>, curata dai professori <strong>Mauro Geraci<\/strong> e <strong>Francesco Pira<\/strong>, nel corso della quale il cantastorie racconter\u00e0 la sua travagliata esperienza di emigrante a Milano. L\u2019esperienza di Trincale servir\u00e0 a porre in risalto la multimedialit\u00e0, la multidisciplinarit\u00e0, il realismo poetico con cui cantastorie, in forme tragiche, satiriche o del tutto comiche, tentano ancor oggi di promuovere un approccio disincantato ai drammi di ieri e di oggi. Sar\u00e0 il recital finale che vedr\u00e0 il \u201cprovocantore\u201d o \u201cfolkronista\u201d Franco Trincale confrontarsi con le voci e le chitarre dei pi\u00f9 giovani cantastorie Mauro Geraci e Fortunato Sindoni.<div id=\"div-gpt-ad-Messinaoggi.it-DSK-300x250-corpoart\" style=\"text-align:center;margin:0 auto;\"><\/div><\/p>\n<div id=\"videoincontent\" style=\"clear:both\";><\/div>","protected":false},"excerpt":{"rendered":"<p>Franco Trincale, cantante e cantastorie italiano, sar\u00e0 ospite il 25 Ottobre presso l&#8217;auditorium del dipartimento di civilt\u00e0 antiche e moderne dell&#8217;UniMe. E&#8217; stata organizzata una conferenza-recital \u201cLa piazza fa scuola. Franco Trincale, cantastorie all\u2019universit\u00e0\u201d, curata dai professori Mauro Geraci e Francesco Pira, nel corso della quale il cantastorie racconter\u00e0 la sua travagliata esperienza di emigrante [&hellip;]<\/p>\n","protected":false},"author":8,"featured_media":10155,"comment_status":"closed","ping_status":"open","sticky":false,"template":"","format":"standard","meta":{"ub_ctt_via":"","_mi_skip_tracking":false},"categories":[7],"tags":[],"featured_image_src":"https:\/\/www.messinaoggi.it\/website\/wp-content\/uploads\/2017\/10\/Franco-Trincale.jpg","author_info":{"display_name":"red..me","author_link":"https:\/\/www.messinaoggi.it\/website\/author\/redstage\/"},"digistream_id":0,"digistream":false,"_links":{"self":[{"href":"https:\/\/www.messinaoggi.it\/website\/wp-json\/wp\/v2\/posts\/10154"}],"collection":[{"href":"https:\/\/www.messinaoggi.it\/website\/wp-json\/wp\/v2\/posts"}],"about":[{"href":"https:\/\/www.messinaoggi.it\/website\/wp-json\/wp\/v2\/types\/post"}],"author":[{"embeddable":true,"href":"https:\/\/www.messinaoggi.it\/website\/wp-json\/wp\/v2\/users\/8"}],"replies":[{"embeddable":true,"href":"https:\/\/www.messinaoggi.it\/website\/wp-json\/wp\/v2\/comments?post=10154"}],"version-history":[{"count":0,"href":"https:\/\/www.messinaoggi.it\/website\/wp-json\/wp\/v2\/posts\/10154\/revisions"}],"wp:featuredmedia":[{"embeddable":true,"href":"https:\/\/www.messinaoggi.it\/website\/wp-json\/wp\/v2\/media\/10155"}],"wp:attachment":[{"href":"https:\/\/www.messinaoggi.it\/website\/wp-json\/wp\/v2\/media?parent=10154"}],"wp:term":[{"taxonomy":"category","embeddable":true,"href":"https:\/\/www.messinaoggi.it\/website\/wp-json\/wp\/v2\/categories?post=10154"},{"taxonomy":"post_tag","embeddable":true,"href":"https:\/\/www.messinaoggi.it\/website\/wp-json\/wp\/v2\/tags?post=10154"}],"curies":[{"name":"wp","href":"https:\/\/api.w.org\/{rel}","templated":true}]}}