{"id":101423,"date":"2022-03-21T10:37:18","date_gmt":"2022-03-21T09:37:18","guid":{"rendered":"http:\/\/www.messinaoggi.it\/website\/?p=101423"},"modified":"2022-03-21T10:55:18","modified_gmt":"2022-03-21T09:55:18","slug":"camera-di-commercio-si-ridefiniscono-gli-equlibri","status":"publish","type":"post","link":"https:\/\/www.messinaoggi.it\/website\/2022\/03\/21\/camera-di-commercio-si-ridefiniscono-gli-equlibri\/","title":{"rendered":"Camera di Commercio: si ridefiniscono gli equlibri"},"content":{"rendered":"\n<p>Non ci sono dati ufficiali perch\u00e9 sono in corso le verifiche, ma dai numeri presentati pare che alla Camera di Commercio si stiano definendo nuovi equilibri.<div id=\"div-gpt-ad-Messinaoggi.it-DSK-300x250-corpoart\" style=\"text-align:center;margin:0 auto;\"><\/div><\/p>\n\n\n\n<p>Gli uffici sono al lavoro, dopo che la associazioni datoriali hanno presentato le liste per la composizione del nuovo consiglio camerale, orma in scadenza. Il nuovo asse che si \u00e8 venuto a creare fra la Confcommercio di Carmelo Picciotto e la Cesac di Gino Sciotto, conferisce nuova forza al settore del commercio che potrebbe fare la parte del leone nella nuova composizione, a scapito della Confesercenti.<div id=\"videoincontent\" style=\"clear:both\";><\/div><\/p>\n\n\n\n<p>Ci\u00f2 determinerebbe un nuovo equilibrio politico che potrebbe restituire centralit\u00e0 al settore del Commercio: questa nuova situazione non fa dormire sonni tranquilli all&#8217;attuale presidente della Camera di Commercio, Ivo Blandina, la cui rielezione non \u00e8 poi cos\u00ec tanto scontata. <\/p>\n\n\n\n<p>La composizione del nuovo consiglio, proprio grazie all&#8217;avanzata del fronte Confcommercio-Cesac, potrebbe essere fortemente condizionata dal gioco delle alleanze che si stanno venendo a creare. Di sicuro, per\u00f2, \u00e8 che non c&#8217;\u00e8 unanime convergenza verso la governance uscente, anche alla luce dei risultati poco esaltanti dell&#8217;Ente camerale.<\/p>\n\n\n\n<p>C&#8217;\u00e8 poi il nodo dei sindacati: per la prima volta la Cisl dovr\u00e0 vedersela con Cgil e Uil che hanno presentato una lista propria. Ci\u00f2 significa che, contrariamente al passato, si dovranno effettuare le verifiche sui numeri e non \u00e8 detto che la Cisl possa spuntarla rispetto al blocco di Cgil e Uil.<\/p>\n\n\n\n<p>Ci\u00f2 determiner\u00e0 uno slittamento delle procedure di verifica, tant&#8217;\u00e8 che il segretario generale Sabella sarebbe intenzionato a chiedere una deroga all&#8217;assessore regionale alle Attivit\u00e0 produttive.<\/p>\n","protected":false},"excerpt":{"rendered":"<p>Non ci sono dati ufficiali perch\u00e9 sono in corso le verifiche, ma dai numeri presentati pare che alla Camera di Commercio si stiano definendo nuovi equilibri. Gli uffici sono al lavoro, dopo che la associazioni datoriali hanno presentato le liste per la composizione del nuovo consiglio camerale, orma in scadenza. Il nuovo asse che si [&hellip;]<\/p>\n","protected":false},"author":2,"featured_media":450,"comment_status":"open","ping_status":"open","sticky":false,"template":"","format":"standard","meta":{"ub_ctt_via":"","_mi_skip_tracking":false},"categories":[6],"tags":[1012,1736,4175,1544,1693,4174],"featured_image_src":"https:\/\/www.messinaoggi.it\/website\/wp-content\/uploads\/2017\/05\/camera-commercio-messina-2.jpg","author_info":{"display_name":"Redazione","author_link":"https:\/\/www.messinaoggi.it\/website\/author\/redazione\/"},"digistream_id":0,"digistream":false,"_links":{"self":[{"href":"https:\/\/www.messinaoggi.it\/website\/wp-json\/wp\/v2\/posts\/101423"}],"collection":[{"href":"https:\/\/www.messinaoggi.it\/website\/wp-json\/wp\/v2\/posts"}],"about":[{"href":"https:\/\/www.messinaoggi.it\/website\/wp-json\/wp\/v2\/types\/post"}],"author":[{"embeddable":true,"href":"https:\/\/www.messinaoggi.it\/website\/wp-json\/wp\/v2\/users\/2"}],"replies":[{"embeddable":true,"href":"https:\/\/www.messinaoggi.it\/website\/wp-json\/wp\/v2\/comments?post=101423"}],"version-history":[{"count":2,"href":"https:\/\/www.messinaoggi.it\/website\/wp-json\/wp\/v2\/posts\/101423\/revisions"}],"predecessor-version":[{"id":101430,"href":"https:\/\/www.messinaoggi.it\/website\/wp-json\/wp\/v2\/posts\/101423\/revisions\/101430"}],"wp:featuredmedia":[{"embeddable":true,"href":"https:\/\/www.messinaoggi.it\/website\/wp-json\/wp\/v2\/media\/450"}],"wp:attachment":[{"href":"https:\/\/www.messinaoggi.it\/website\/wp-json\/wp\/v2\/media?parent=101423"}],"wp:term":[{"taxonomy":"category","embeddable":true,"href":"https:\/\/www.messinaoggi.it\/website\/wp-json\/wp\/v2\/categories?post=101423"},{"taxonomy":"post_tag","embeddable":true,"href":"https:\/\/www.messinaoggi.it\/website\/wp-json\/wp\/v2\/tags?post=101423"}],"curies":[{"name":"wp","href":"https:\/\/api.w.org\/{rel}","templated":true}]}}