{"id":101389,"date":"2022-03-21T08:50:36","date_gmt":"2022-03-21T07:50:36","guid":{"rendered":"http:\/\/www.messinaoggi.it\/website\/?p=101389"},"modified":"2022-03-21T09:15:44","modified_gmt":"2022-03-21T08:15:44","slug":"cairoli-commercianti-infuriati-adesso-no-ai-lavori","status":"publish","type":"post","link":"https:\/\/www.messinaoggi.it\/website\/2022\/03\/21\/cairoli-commercianti-infuriati-adesso-no-ai-lavori\/","title":{"rendered":"Cairoli, commercianti infuriati: &#8220;Adesso, no ai lavori&#8221;"},"content":{"rendered":"\n<p>I lavori per la riqualificazione di piazza Cairoli, lato monte, sono stati calendarizzati per inizio aprile: si tratta di un &#8220;lascito&#8221; dell&#8217;amministrazione guidata dall&#8217;ex sindaco Cateno De Luca. Ma i commercianti sono contrari all&#8217;apertura del cantiere, proprio all&#8217;apertura della stagione del crocerismo.<div id=\"div-gpt-ad-Messinaoggi.it-DSK-300x250-corpoart\" style=\"text-align:center;margin:0 auto;\"><\/div><\/p>\n\n\n\n<p>Lavori s\u00ec, ma non adesso: \u00e8 questa la richiesta che parte poderosa dai commercianti di piazza Cairoli che adesso chiedono l&#8217;intervento del commissario per scongiurare quella che si profila essere come un&#8217;autentica iattura.<div id=\"videoincontent\" style=\"clear:both\";><\/div><\/p>\n\n\n\n<p>Come detto, si tratta di un lascito di De Luca che ha programmato l&#8217;inizio dei lavori in primavera, quando il centro della citt\u00e0 inizia a popolarsi, anche per l&#8217;arrivo dei croceristi. Ci\u00f2 significa incremento delle vendite e quindi boccata d&#8217;ossigeno per gli operatori commerciali di piazza Cairoli.<\/p>\n\n\n\n<p>&#8220;Abbiamo chiesto per anni la riqualificazione della piazza &#8211; afferma Lino Santoro Amante, delegato provinciale di PmiSicilia -, ma l&#8217;apertura del cantiere ad aprile \u00e8 sbagliatissimo. Ci\u00f2 significa che le nostre attivit\u00e0, gi\u00e0 penalizzate dall&#8217;emergenza pandemica, non possono esercitare per gli sbarramenti che vi saranno. Gi\u00e0, giusto per citare il caso degli esercizi come il mio, le nostre attivit\u00e0 sono penalizzate per il rifacimento del prospetto del palazzo. Le vetrine sono oscurate dai ponteggi, che a questo aggiungi proprio adesso un altro cantiere allora possiamo realmente chiudere. I lavori vanno fatti, ma non adesso. Si era concordato con la vecchia amministrazione di avviare il cantiere ad inizio febbraio, ma con le dimissioni del sindaco si \u00e8 posticipata la data. Adesso per\u00f2 non li vogliamo e per questo siamo pronti a consegnare le nostre licenze al Comune se realmente si aprir\u00e0 il cantiere. Confido, comunque, sul buonsenso del commissario Lenonardo Santoro, che conto di incontrare quanto prima per trovare una soluzione a quello che per noi \u00e8 un vero problema&#8221;.<\/p>\n\n\n\n<p>Sulla contrariet\u00e0 all&#8217;inizio dei lavori adesso c&#8217;\u00e8 da registrare anche la posizione dell&#8217;associazione Piazza Cairoli, di cui fanno parte negozi di abbigliamento e di intimo di piazza Cairoli.<\/p>\n","protected":false},"excerpt":{"rendered":"<p>I lavori per la riqualificazione di piazza Cairoli, lato monte, sono stati calendarizzati per inizio aprile: si tratta di un &#8220;lascito&#8221; dell&#8217;amministrazione guidata dall&#8217;ex sindaco Cateno De Luca. Ma i commercianti sono contrari all&#8217;apertura del cantiere, proprio all&#8217;apertura della stagione del crocerismo. Lavori s\u00ec, ma non adesso: \u00e8 questa la richiesta che parte poderosa dai [&hellip;]<\/p>\n","protected":false},"author":2,"featured_media":34189,"comment_status":"open","ping_status":"open","sticky":false,"template":"","format":"standard","meta":{"ub_ctt_via":"","_mi_skip_tracking":false},"categories":[19,1],"tags":[126,3924,129,4165],"featured_image_src":"https:\/\/www.messinaoggi.it\/website\/wp-content\/uploads\/2019\/06\/D1D0071B-957E-48DD-9465-5CA195C673EB.jpeg","author_info":{"display_name":"Redazione","author_link":"https:\/\/www.messinaoggi.it\/website\/author\/redazione\/"},"digistream_id":0,"digistream":false,"_links":{"self":[{"href":"https:\/\/www.messinaoggi.it\/website\/wp-json\/wp\/v2\/posts\/101389"}],"collection":[{"href":"https:\/\/www.messinaoggi.it\/website\/wp-json\/wp\/v2\/posts"}],"about":[{"href":"https:\/\/www.messinaoggi.it\/website\/wp-json\/wp\/v2\/types\/post"}],"author":[{"embeddable":true,"href":"https:\/\/www.messinaoggi.it\/website\/wp-json\/wp\/v2\/users\/2"}],"replies":[{"embeddable":true,"href":"https:\/\/www.messinaoggi.it\/website\/wp-json\/wp\/v2\/comments?post=101389"}],"version-history":[{"count":1,"href":"https:\/\/www.messinaoggi.it\/website\/wp-json\/wp\/v2\/posts\/101389\/revisions"}],"predecessor-version":[{"id":101390,"href":"https:\/\/www.messinaoggi.it\/website\/wp-json\/wp\/v2\/posts\/101389\/revisions\/101390"}],"wp:featuredmedia":[{"embeddable":true,"href":"https:\/\/www.messinaoggi.it\/website\/wp-json\/wp\/v2\/media\/34189"}],"wp:attachment":[{"href":"https:\/\/www.messinaoggi.it\/website\/wp-json\/wp\/v2\/media?parent=101389"}],"wp:term":[{"taxonomy":"category","embeddable":true,"href":"https:\/\/www.messinaoggi.it\/website\/wp-json\/wp\/v2\/categories?post=101389"},{"taxonomy":"post_tag","embeddable":true,"href":"https:\/\/www.messinaoggi.it\/website\/wp-json\/wp\/v2\/tags?post=101389"}],"curies":[{"name":"wp","href":"https:\/\/api.w.org\/{rel}","templated":true}]}}