{"id":101028,"date":"2022-03-17T12:46:17","date_gmt":"2022-03-17T11:46:17","guid":{"rendered":"http:\/\/www.messinaoggi.it\/website\/?p=101028"},"modified":"2022-03-17T12:46:18","modified_gmt":"2022-03-17T11:46:18","slug":"scossa-di-terremoto-alle-eolie-2","status":"publish","type":"post","link":"https:\/\/www.messinaoggi.it\/website\/2022\/03\/17\/scossa-di-terremoto-alle-eolie-2\/","title":{"rendered":"Scossa di terremoto alle Eolie"},"content":{"rendered":"\n<p>Scossa di terremoto al largo di Alicudi, nelle Eolie. Si \u00e8 verificata alle 11,31, \u00e8 stata registrata dall&#8217;Ingv di Catania ed \u00e8 stata di magnitudo 3,9 della scala Richter. L&#8217;ipocentro \u00e8 stato ad una profondit\u00e0 di 9 chilometri. La scossa sismica \u00e8 stata avvertita dagli 80 abitanti, ma non ha causato danni a persone e immobili<div id=\"div-gpt-ad-Messinaoggi.it-DSK-300x250-corpoart\" style=\"text-align:center;margin:0 auto;\"><\/div><\/p>\n<div id=\"videoincontent\" style=\"clear:both\";><\/div>","protected":false},"excerpt":{"rendered":"<p>Scossa di terremoto al largo di Alicudi, nelle Eolie. Si \u00e8 verificata alle 11,31, \u00e8 stata registrata dall&#8217;Ingv di Catania ed \u00e8 stata di magnitudo 3,9 della scala Richter. L&#8217;ipocentro \u00e8 stato ad una profondit\u00e0 di 9 chilometri. La scossa sismica \u00e8 stata avvertita dagli 80 abitanti, ma non ha causato danni a persone e [&hellip;]<\/p>\n","protected":false},"author":4,"featured_media":62520,"comment_status":"open","ping_status":"open","sticky":false,"template":"","format":"standard","meta":{"ub_ctt_via":"","_mi_skip_tracking":false},"categories":[13,14],"tags":[1227,803],"featured_image_src":"https:\/\/www.messinaoggi.it\/website\/wp-content\/uploads\/2021\/05\/Ingv.jpg","author_info":{"display_name":"redme","author_link":"https:\/\/www.messinaoggi.it\/website\/author\/redme\/"},"digistream_id":0,"digistream":false,"_links":{"self":[{"href":"https:\/\/www.messinaoggi.it\/website\/wp-json\/wp\/v2\/posts\/101028"}],"collection":[{"href":"https:\/\/www.messinaoggi.it\/website\/wp-json\/wp\/v2\/posts"}],"about":[{"href":"https:\/\/www.messinaoggi.it\/website\/wp-json\/wp\/v2\/types\/post"}],"author":[{"embeddable":true,"href":"https:\/\/www.messinaoggi.it\/website\/wp-json\/wp\/v2\/users\/4"}],"replies":[{"embeddable":true,"href":"https:\/\/www.messinaoggi.it\/website\/wp-json\/wp\/v2\/comments?post=101028"}],"version-history":[{"count":1,"href":"https:\/\/www.messinaoggi.it\/website\/wp-json\/wp\/v2\/posts\/101028\/revisions"}],"predecessor-version":[{"id":101029,"href":"https:\/\/www.messinaoggi.it\/website\/wp-json\/wp\/v2\/posts\/101028\/revisions\/101029"}],"wp:featuredmedia":[{"embeddable":true,"href":"https:\/\/www.messinaoggi.it\/website\/wp-json\/wp\/v2\/media\/62520"}],"wp:attachment":[{"href":"https:\/\/www.messinaoggi.it\/website\/wp-json\/wp\/v2\/media?parent=101028"}],"wp:term":[{"taxonomy":"category","embeddable":true,"href":"https:\/\/www.messinaoggi.it\/website\/wp-json\/wp\/v2\/categories?post=101028"},{"taxonomy":"post_tag","embeddable":true,"href":"https:\/\/www.messinaoggi.it\/website\/wp-json\/wp\/v2\/tags?post=101028"}],"curies":[{"name":"wp","href":"https:\/\/api.w.org\/{rel}","templated":true}]}}