{"id":100881,"date":"2022-03-16T07:52:47","date_gmt":"2022-03-16T06:52:47","guid":{"rendered":"http:\/\/www.messinaoggi.it\/website\/?p=100881"},"modified":"2022-03-16T07:52:49","modified_gmt":"2022-03-16T06:52:49","slug":"de-luca-risponde-a-germana-io-scappo-da-messina-lui-non-puo-farlo-perche-non-ce-mai-stato","status":"publish","type":"post","link":"https:\/\/www.messinaoggi.it\/website\/2022\/03\/16\/de-luca-risponde-a-germana-io-scappo-da-messina-lui-non-puo-farlo-perche-non-ce-mai-stato\/","title":{"rendered":"De Luca risponde a German\u00e0: \u201cIo scappo da Messina? Lui non pu\u00f2 farlo perch\u00e9 non c\u2019\u00e8 mai stato\u201d"},"content":{"rendered":"\n<p>\u201cNino German\u00e0 dopo aver fatto ridere tutti dicendo di essere pronto a candidarsi a sindaco contro i \u201cpotentati\u201d, continua a regalarci perle di involontaria comicit\u00e0.\u201d Non si \u00e8 fatta attendere la replica dell\u2019ex sindaco Cateno De Luca a Nino German\u00e0, deputato messinese in quota Lega che ieri aveva accusato De Luca di aver fatto ripiombare su Messina, durante la sua attivit\u00e0 amministrativa, l\u2019incubo del dissesto, affermando poi di essere pronto a lasciare il parlamento qualora fosse eletto sindaco (salvo ovviamente che il centro-destra sia d\u2019accordo nell\u2019appoggiarlo come candidato).<div id=\"div-gpt-ad-Messinaoggi.it-DSK-300x250-corpoart\" style=\"text-align:center;margin:0 auto;\"><\/div><\/p>\n\n\n\n<figure class=\"wp-block-embed-wordpress wp-block-embed is-type-wp-embed is-provider-messina-oggi\"><div class=\"wp-block-embed__wrapper\">\n<blockquote class=\"wp-embedded-content\" data-secret=\"3WxAAAnofI\"><a href=\"https:\/\/www.messinaoggi.it\/website\/2022\/03\/15\/elezioni-germana-de-luca-scappa-io-resto\/\">Elezioni. German\u00e0: &#8220;De Luca scappa, io resto&#8221;<\/a><\/blockquote><iframe class=\"wp-embedded-content\" sandbox=\"allow-scripts\" security=\"restricted\" style=\"position: absolute; clip: rect(1px, 1px, 1px, 1px);\" title=\"&#8220;Elezioni. German\u00e0: &#8220;De Luca scappa, io resto&#8221;&#8221; &#8212; Messina Oggi\" src=\"https:\/\/www.messinaoggi.it\/website\/2022\/03\/15\/elezioni-germana-de-luca-scappa-io-resto\/embed\/#?secret=3WxAAAnofI\" data-secret=\"3WxAAAnofI\" width=\"500\" height=\"282\" frameborder=\"0\" marginwidth=\"0\" marginheight=\"0\" scrolling=\"no\"><\/iframe>\n<\/div><\/figure>\n\n\n\n<p>\u201cApprendo con stupore &#8211; afferma De Luca &#8211; che oggi dopo anni di assoluto silenzio German\u00e0 senta la necessit\u00e0 di attivarsi per il bene della citt\u00e0 di Messina. Oggi farnetica su un argomento che non conosce, cio\u00e8 il piano di riequilibrio, dicendo che sarebbe stato bocciato dalla Corte dei conti. Ma di che parla? Dice cose false, oltre che assurde, e le dice, purtroppo per lui, senza avere alcuna credibilit\u00e0 essendo profano, per non dire ignorante, della materia.<div id=\"videoincontent\" style=\"clear:both\";><\/div><\/p>\n\n\n\n<p>\u201cAccusa me di essere scappato\u2026 Certo, lui non pu\u00f2 essere accusato di scappare da Messina perch\u00e9 in questa citt\u00e0 politicamente non c&#8217;\u00e8 mai stato. In realt\u00e0, anche al Parlamento non si sono mai accorti della sua presenza. Sarebbe interessante che German\u00e0 parlasse di una delle battaglie che a Roma, alla Camera, ha combattuto per Messina. Per non parlare delle sue notti brave palermitane dove ha pascolato abusivamente nel parlamento siciliano dimenticandosi di Messina e dei messinesi. Vi assicuro che calerebbe il silenzio. <\/p>\n\n\n\n<p>\u201cViene da chiedersi dove sia stato in tutti questi anni. Oggi parla della necessit\u00e0 che la politica recuperi il ruolo centrale di guida della citt\u00e0, ma parla di quella politica che da settimane siede a tavoli segreti e fa sedute spiritiche alla ricerca di un nome? Parla di quella politica che non \u00e8 stata in grado di formare classe dirigente? Parla di quella politica di \u201cpotentati\u201d che chiss\u00e0 forse in preda ad una crisi d\u2019identit\u00e0 German\u00e0 dimentica di rappresentare appieno?<\/p>\n\n\n\n<p>\u201cE allora se oggi a Messina l\u2019unico candidato in campo con un progetto concreto per la citt\u00e0 \u00e8 Federico Basile certo qualche domanda la politica dovrebbe iniziare a farsela. Inoltre dall&#8217;ansia che manifesta nel lanciare accuse ridicole nei miei confronti deduco che abbia una gran voglia di essere candidato. Casomai ci riuscisse, gli consiglio di farsi aiutare a scrivere da uno bravo. Noi andiamo avanti spinti dalla forza dei risultati ottenuti in questi anni che sono sotto gli occhi di tutti.\u201d<\/p>\n","protected":false},"excerpt":{"rendered":"<p>\u201cNino German\u00e0 dopo aver fatto ridere tutti dicendo di essere pronto a candidarsi a sindaco contro i \u201cpotentati\u201d, continua a regalarci perle di involontaria comicit\u00e0.\u201d Non si \u00e8 fatta attendere la replica dell\u2019ex sindaco Cateno De Luca a Nino German\u00e0, deputato messinese in quota Lega che ieri aveva accusato De Luca di aver fatto ripiombare [&hellip;]<\/p>\n","protected":false},"author":8,"featured_media":45326,"comment_status":"open","ping_status":"open","sticky":false,"template":"","format":"standard","meta":{"ub_ctt_via":"","_mi_skip_tracking":false},"categories":[4],"tags":[126,1082],"featured_image_src":"https:\/\/www.messinaoggi.it\/website\/wp-content\/uploads\/2020\/07\/cateno-de-luca-3.jpg","author_info":{"display_name":"red..me","author_link":"https:\/\/www.messinaoggi.it\/website\/author\/redstage\/"},"digistream_id":0,"digistream":false,"_links":{"self":[{"href":"https:\/\/www.messinaoggi.it\/website\/wp-json\/wp\/v2\/posts\/100881"}],"collection":[{"href":"https:\/\/www.messinaoggi.it\/website\/wp-json\/wp\/v2\/posts"}],"about":[{"href":"https:\/\/www.messinaoggi.it\/website\/wp-json\/wp\/v2\/types\/post"}],"author":[{"embeddable":true,"href":"https:\/\/www.messinaoggi.it\/website\/wp-json\/wp\/v2\/users\/8"}],"replies":[{"embeddable":true,"href":"https:\/\/www.messinaoggi.it\/website\/wp-json\/wp\/v2\/comments?post=100881"}],"version-history":[{"count":1,"href":"https:\/\/www.messinaoggi.it\/website\/wp-json\/wp\/v2\/posts\/100881\/revisions"}],"predecessor-version":[{"id":100882,"href":"https:\/\/www.messinaoggi.it\/website\/wp-json\/wp\/v2\/posts\/100881\/revisions\/100882"}],"wp:featuredmedia":[{"embeddable":true,"href":"https:\/\/www.messinaoggi.it\/website\/wp-json\/wp\/v2\/media\/45326"}],"wp:attachment":[{"href":"https:\/\/www.messinaoggi.it\/website\/wp-json\/wp\/v2\/media?parent=100881"}],"wp:term":[{"taxonomy":"category","embeddable":true,"href":"https:\/\/www.messinaoggi.it\/website\/wp-json\/wp\/v2\/categories?post=100881"},{"taxonomy":"post_tag","embeddable":true,"href":"https:\/\/www.messinaoggi.it\/website\/wp-json\/wp\/v2\/tags?post=100881"}],"curies":[{"name":"wp","href":"https:\/\/api.w.org\/{rel}","templated":true}]}}