{"id":100772,"date":"2022-03-15T10:33:21","date_gmt":"2022-03-15T09:33:21","guid":{"rendered":"http:\/\/www.messinaoggi.it\/website\/?p=100772"},"modified":"2022-03-15T10:33:22","modified_gmt":"2022-03-15T09:33:22","slug":"candidature-settimana-decisiva","status":"publish","type":"post","link":"https:\/\/www.messinaoggi.it\/website\/2022\/03\/15\/candidature-settimana-decisiva\/","title":{"rendered":"Candidature, settimana decisiva"},"content":{"rendered":"\n<p>Domani il centrodestra ufficializzer\u00e0 il nome del candidato sindaco. Ieri si \u00e8 tenuto un lungo vertice al termine del quale \u00e8 stata assunta la decisione di rendere noto il nome del candidato sindaco della coalizione. La scelta \u00e8 ristretta ai nomi di Maurizio Croce e Nino German\u00e0, su entrambi i nomi di stanno facendo dei ragionamenti di natura politica.<div id=\"div-gpt-ad-Messinaoggi.it-DSK-300x250-corpoart\" style=\"text-align:center;margin:0 auto;\"><\/div><\/p>\n\n\n\n<p>Non ci sono veti, ma si \u00e8 deciso di prendere ulteriore tempo per raggiungere la cosiddetta quadra. Non \u00e8 escluso tuttavia che possa venire fuori un nome a sorpresa che possa mettere la coalizione nelle condizioni di proporre una valida alternativa a quelli gi\u00e0 &#8220;usciti&#8221;. Si stanno facendo dei sondaggi all&#8217;interno del mondo accademico, perch\u00e9 Messina potrebbe avere bisogno di un tecnico che possa tirarla fuori della stato di pre-dissesto. Sebbene l&#8217;ex sindaco Cateno De Luca continui a sostenere che Messina \u00e8 salva, il rischio di fallimento \u00e8 concreto se non saranno apposti opportuni accorgimenti al Piano di riequilibrio. <div id=\"videoincontent\" style=\"clear:both\";><\/div><\/p>\n\n\n\n<p>Se il centrodestra \u00e8 vicino all&#8217;ufficializzazione del nome, lo stesso non pu\u00f2 dirsi per la coalizione di centrosinistra che \u00e8 alla prese con un problema di non poco conto: al momento non esiste un nome sul quale la coalizione possa contare. Gaetano Giunta e Valentina Zafarana hanno declinato l&#8217;invito e allora l&#8217;unico nome sul quale si sta ragionando \u00e8 quello di Luigi Sturniolo, gi\u00e0 consigliere comunale della lista che faceva riferimento all&#8217;ex sindaco Renato Accorinti.<\/p>\n\n\n\n<p>Intanto, prosegue la campagna elettorale di Federico Basile, il quale nonostante l&#8217;impegno personale il suo nome non scalda i cuori di quella parte di elettorato che sostiene Cateno De Luca. L&#8217;ex sindaco, grazie al suo modo farsesco di fare politica, pu\u00f2 contare su una buona dose di popolarit\u00e0, che non riesce tuttavia a ribaltare sul suo candidato. Basile non fa breccia e questo De Luca lo sta capendo benissimo, tant&#8217;\u00e8 che sta cercando di alzare il tiro. Lo dimostrano i continui attacchi scurrili durante le sue dirette Fb, seguite sempre meno, votati a spargere solo veleno nei confronti degli altri schieramenti. Questo dimostra la debolezza di Basile.<\/p>\n\n\n\n<p>Entro fine settimana il quadro delle candidature sar\u00e0 completo e dalla prossima si dar\u00e0 inizio alla vera campagna elettorale. I candidati alla carica di primo cittadino saranno soltanto tre e questo potrebbe spianare la strada a uno di loro al successo pieno, ovvero elezione al primo turno. Caso contrario, si andr\u00e0 al ballottaggio e sar\u00e0 tutta un&#8217;altra storia rispetto al 2018, quando De Luca gioc\u00f2 sul fattore sorpresa, ottenendo i voti del centrosinistra.<\/p>\n","protected":false},"excerpt":{"rendered":"<p>Domani il centrodestra ufficializzer\u00e0 il nome del candidato sindaco. Ieri si \u00e8 tenuto un lungo vertice al termine del quale \u00e8 stata assunta la decisione di rendere noto il nome del candidato sindaco della coalizione. La scelta \u00e8 ristretta ai nomi di Maurizio Croce e Nino German\u00e0, su entrambi i nomi di stanno facendo dei [&hellip;]<\/p>\n","protected":false},"author":2,"featured_media":33613,"comment_status":"open","ping_status":"open","sticky":false,"template":"","format":"standard","meta":{"ub_ctt_via":"","_mi_skip_tracking":false},"categories":[19],"tags":[2426,4143,4144],"featured_image_src":"https:\/\/www.messinaoggi.it\/website\/wp-content\/uploads\/2019\/06\/8D23C2E4-DE30-44F1-B1FE-05C48E9F7F14.jpeg","author_info":{"display_name":"Redazione","author_link":"https:\/\/www.messinaoggi.it\/website\/author\/redazione\/"},"digistream_id":0,"digistream":false,"_links":{"self":[{"href":"https:\/\/www.messinaoggi.it\/website\/wp-json\/wp\/v2\/posts\/100772"}],"collection":[{"href":"https:\/\/www.messinaoggi.it\/website\/wp-json\/wp\/v2\/posts"}],"about":[{"href":"https:\/\/www.messinaoggi.it\/website\/wp-json\/wp\/v2\/types\/post"}],"author":[{"embeddable":true,"href":"https:\/\/www.messinaoggi.it\/website\/wp-json\/wp\/v2\/users\/2"}],"replies":[{"embeddable":true,"href":"https:\/\/www.messinaoggi.it\/website\/wp-json\/wp\/v2\/comments?post=100772"}],"version-history":[{"count":1,"href":"https:\/\/www.messinaoggi.it\/website\/wp-json\/wp\/v2\/posts\/100772\/revisions"}],"predecessor-version":[{"id":100775,"href":"https:\/\/www.messinaoggi.it\/website\/wp-json\/wp\/v2\/posts\/100772\/revisions\/100775"}],"wp:featuredmedia":[{"embeddable":true,"href":"https:\/\/www.messinaoggi.it\/website\/wp-json\/wp\/v2\/media\/33613"}],"wp:attachment":[{"href":"https:\/\/www.messinaoggi.it\/website\/wp-json\/wp\/v2\/media?parent=100772"}],"wp:term":[{"taxonomy":"category","embeddable":true,"href":"https:\/\/www.messinaoggi.it\/website\/wp-json\/wp\/v2\/categories?post=100772"},{"taxonomy":"post_tag","embeddable":true,"href":"https:\/\/www.messinaoggi.it\/website\/wp-json\/wp\/v2\/tags?post=100772"}],"curies":[{"name":"wp","href":"https:\/\/api.w.org\/{rel}","templated":true}]}}