{"id":10066,"date":"2017-10-21T15:19:48","date_gmt":"2017-10-21T13:19:48","guid":{"rendered":"http:\/\/www.messinaoggi.it\/website\/?p=10066"},"modified":"2017-10-21T15:19:48","modified_gmt":"2017-10-21T13:19:48","slug":"regionali-germana-il-futuro-della-sicilia-e-legato-ai-giovani-e-alle-eccellenze","status":"publish","type":"post","link":"https:\/\/www.messinaoggi.it\/website\/2017\/10\/21\/regionali-germana-il-futuro-della-sicilia-e-legato-ai-giovani-e-alle-eccellenze\/","title":{"rendered":"Regionali, German\u00e0: &quot;Il futuro della Sicilia \u00e8 legato ai giovani e alle eccellenze&quot;"},"content":{"rendered":"<p>\u201c<em>Tra gli improvvisati, gli imbarazzanti per la loro incompetenza e approssimazione e quanti hanno lasciato solo macerie in questi 5 anni, non possono esserci dubbi per gli indecisi. Per me parla la mia storia, le cose che ho fatto, le battaglie che ho vinto per il nostro territorio. La mia vittoria l\u2019ho gi\u00e0 ottenuta in queste settimane di campagna elettorale: il voto d\u2019opinione, quello di chi mi sceglie per quello che ho fatto e che so fare<\/em>\u201d.<br \/>\nIl deputato uscente <strong>Nino German\u00e0<\/strong>, candidato all\u2019Ars per Forza Italia sta preparando la <strong>convention di Brolo<\/strong>, lo stesso scenario che lo ha visto protagonista, sempre con <strong>Musumeci candidato alla Presidenza<\/strong>, nel 2012, alla vigilia del voto per le Regionali.<br \/>\nL\u2019appuntamento \u00e8 <strong>domenica 22 ottobre al Palatenda con inizio alle 20<\/strong>. Sul palco ci saranno <strong>Nello Musumeci, Nunzia Di Girolamo,<\/strong> per fare da start up alla fase finale della campagna elettorale.<br \/>\n\u201c<em>Sul palco con noi ci saranno due artisti di calibro internazionale come Federico Buzzurro e Pietro Adragna, due eccellenze siciliane. Adragna \u00e8 stato due volte campione mondiale. Non li ho scelti a caso, per me l\u2019unica costante \u00e8 questa: dare voce e spazio ai nostri talenti. L\u2019ho fatto insieme all\u2019ex assessore Carlo Vermiglio, con i Parchi archeologici, con l\u2019inaugurazione del Museo, con ogni provvedimento preso, sposato e avviato per valorizzare le nostre risorse, il nostro immenso patrimonio culturale, artistico, archeologico, paesaggistico<\/em>\u201d.<br \/>\nFederico Buzzurro, chitarrista jazz tra i pi\u00f9 noti al mondo, concertista d\u2019eccezione nato a Taormina e che tutti c\u2019invidiano, si esibir\u00e0 a fine convention cos\u00ec come Pietro Adragna, fisarmonicista di Erice che \u00e8 diventato campione del mondo nel 2009 e nel 2011 ed ha vinto numerosi premi.<br \/>\n\u201c<em>Eccellenze e giovani. Questo \u00e8 il futuro della Sicilia- conclude German\u00e0- Io i giovani non li valorizzo solo nelle campagne elettorali. Non li strumentalizzo usandoli durante le fasi prima del voto. Il gruppo di giovani che mi aiuta tutto l\u2019anno ha spazi, incarichi e non promesse di un ruolo che verr\u00e0 chiss\u00e0 quando. Io li ascolto oggi, li ascoltavo ieri e sono al mio fianco sempre<\/em>\u201d.<br \/>\nGerman\u00e0 non vuol alimentare alcuna polemica dopo quanto dichiarato a proposito dell\u2019Ateneo messinese <em>\u201ctrasformato in comitato elettorale del Pd<\/em>\u201d e che ha spinto i vertici dell\u2019Universit\u00e0 a valutare ipotesi di azioni legali <em>\u201cio ho fotografato un dato di fatto. Ma non mi piace polemizzare. Domenica sera inizier\u00e0 l\u2019ultima fase di una campagna elettorale che cambier\u00e0 la Sicilia. Io non sono soltanto presentabile, sono votabile, rappresento la Sicilia che corre e non guarda al passato<\/em>\u201d<div id=\"div-gpt-ad-Messinaoggi.it-DSK-300x250-corpoart\" style=\"text-align:center;margin:0 auto;\"><\/div><\/p>\n<div id=\"videoincontent\" style=\"clear:both\";><\/div>","protected":false},"excerpt":{"rendered":"<p>\u201cTra gli improvvisati, gli imbarazzanti per la loro incompetenza e approssimazione e quanti hanno lasciato solo macerie in questi 5 anni, non possono esserci dubbi per gli indecisi. Per me parla la mia storia, le cose che ho fatto, le battaglie che ho vinto per il nostro territorio. La mia vittoria l\u2019ho gi\u00e0 ottenuta in [&hellip;]<\/p>\n","protected":false},"author":2,"featured_media":8318,"comment_status":"closed","ping_status":"open","sticky":false,"template":"","format":"standard","meta":{"ub_ctt_via":"","_mi_skip_tracking":false},"categories":[19],"tags":[],"featured_image_src":"https:\/\/www.messinaoggi.it\/website\/wp-content\/uploads\/2017\/09\/nino-germana-con-renato-schifani-messinaoggiMarcyR-2.jpg","author_info":{"display_name":"Redazione","author_link":"https:\/\/www.messinaoggi.it\/website\/author\/redazione\/"},"digistream_id":0,"digistream":false,"_links":{"self":[{"href":"https:\/\/www.messinaoggi.it\/website\/wp-json\/wp\/v2\/posts\/10066"}],"collection":[{"href":"https:\/\/www.messinaoggi.it\/website\/wp-json\/wp\/v2\/posts"}],"about":[{"href":"https:\/\/www.messinaoggi.it\/website\/wp-json\/wp\/v2\/types\/post"}],"author":[{"embeddable":true,"href":"https:\/\/www.messinaoggi.it\/website\/wp-json\/wp\/v2\/users\/2"}],"replies":[{"embeddable":true,"href":"https:\/\/www.messinaoggi.it\/website\/wp-json\/wp\/v2\/comments?post=10066"}],"version-history":[{"count":0,"href":"https:\/\/www.messinaoggi.it\/website\/wp-json\/wp\/v2\/posts\/10066\/revisions"}],"wp:featuredmedia":[{"embeddable":true,"href":"https:\/\/www.messinaoggi.it\/website\/wp-json\/wp\/v2\/media\/8318"}],"wp:attachment":[{"href":"https:\/\/www.messinaoggi.it\/website\/wp-json\/wp\/v2\/media?parent=10066"}],"wp:term":[{"taxonomy":"category","embeddable":true,"href":"https:\/\/www.messinaoggi.it\/website\/wp-json\/wp\/v2\/categories?post=10066"},{"taxonomy":"post_tag","embeddable":true,"href":"https:\/\/www.messinaoggi.it\/website\/wp-json\/wp\/v2\/tags?post=10066"}],"curies":[{"name":"wp","href":"https:\/\/api.w.org\/{rel}","templated":true}]}}