{"id":100641,"date":"2022-03-14T08:48:09","date_gmt":"2022-03-14T07:48:09","guid":{"rendered":"http:\/\/www.messinaoggi.it\/website\/?p=100641"},"modified":"2022-03-14T08:48:12","modified_gmt":"2022-03-14T07:48:12","slug":"forza-italia-dilaniata-dalle-beghe-interne","status":"publish","type":"post","link":"https:\/\/www.messinaoggi.it\/website\/2022\/03\/14\/forza-italia-dilaniata-dalle-beghe-interne\/","title":{"rendered":"Forza Italia dilaniata dalle beghe interne"},"content":{"rendered":"\n<p>Forza Italia continua ad essere dilaniata dalle beghe interna e queste liti potrebbero avere dei riflessi all&#8217;interno della coalizione. L&#8217;uscita dell&#8217;assessore regionale Marco Falcone ha innescato la miccia del dissenso nei confronti di Gianfranco Miccich\u00e8, nei confronti del quale sono piovute accuse pesanti. Di fatto \u00e8 accusato di dirigismo dal gruppo che fa capo a Falcone e che pu\u00f2 contare sull&#8217;appoggio del vice presidente della Regione Gaetano Armao.<div id=\"div-gpt-ad-Messinaoggi.it-DSK-300x250-corpoart\" style=\"text-align:center;margin:0 auto;\"><\/div><\/p>\n\n\n\n<p>Intorno al presidente dell&#8217;Ars si sono raccolti i suoi &#8220;fedelissimi&#8221; che hanno manifestato attraverso un &#8220;fiume&#8221; di note per la stampa la propria vicinanza, ma questo non \u00e8 servito a placare i venti di burrasca che spirano su Forza Italia. <div id=\"videoincontent\" style=\"clear:both\";><\/div><\/p>\n\n\n\n<p>Le ultime fughe in avanti di Miccich\u00e9 che avrebbe manifestato la volont\u00e0, salvo poi ritirarla, di candidarsi alla presidenza della Regione hanno minato un equilibrio molto precario fra gli azzurri. Il risultato \u00e8 stata l&#8217;ennesima presa di posizione di Falcone che non si fa imporre diktat dallo stesso Miccich\u00e8.<\/p>\n\n\n\n<p>Il tutto arriva nella settimana, probabilmente decisiva, per decidere le candidature a sindaco di Palermo e Messina.<\/p>\n","protected":false},"excerpt":{"rendered":"<p>Forza Italia continua ad essere dilaniata dalle beghe interna e queste liti potrebbero avere dei riflessi all&#8217;interno della coalizione. L&#8217;uscita dell&#8217;assessore regionale Marco Falcone ha innescato la miccia del dissenso nei confronti di Gianfranco Miccich\u00e8, nei confronti del quale sono piovute accuse pesanti. Di fatto \u00e8 accusato di dirigismo dal gruppo che fa capo a [&hellip;]<\/p>\n","protected":false},"author":2,"featured_media":8227,"comment_status":"open","ping_status":"open","sticky":false,"template":"","format":"standard","meta":{"ub_ctt_via":"","_mi_skip_tracking":false},"categories":[4],"tags":[625,600,579,2129],"featured_image_src":"https:\/\/www.messinaoggi.it\/website\/wp-content\/uploads\/2017\/09\/L-genovese-palaculturaRRP_7511-2.jpg","author_info":{"display_name":"Redazione","author_link":"https:\/\/www.messinaoggi.it\/website\/author\/redazione\/"},"digistream_id":0,"digistream":false,"_links":{"self":[{"href":"https:\/\/www.messinaoggi.it\/website\/wp-json\/wp\/v2\/posts\/100641"}],"collection":[{"href":"https:\/\/www.messinaoggi.it\/website\/wp-json\/wp\/v2\/posts"}],"about":[{"href":"https:\/\/www.messinaoggi.it\/website\/wp-json\/wp\/v2\/types\/post"}],"author":[{"embeddable":true,"href":"https:\/\/www.messinaoggi.it\/website\/wp-json\/wp\/v2\/users\/2"}],"replies":[{"embeddable":true,"href":"https:\/\/www.messinaoggi.it\/website\/wp-json\/wp\/v2\/comments?post=100641"}],"version-history":[{"count":1,"href":"https:\/\/www.messinaoggi.it\/website\/wp-json\/wp\/v2\/posts\/100641\/revisions"}],"predecessor-version":[{"id":100642,"href":"https:\/\/www.messinaoggi.it\/website\/wp-json\/wp\/v2\/posts\/100641\/revisions\/100642"}],"wp:featuredmedia":[{"embeddable":true,"href":"https:\/\/www.messinaoggi.it\/website\/wp-json\/wp\/v2\/media\/8227"}],"wp:attachment":[{"href":"https:\/\/www.messinaoggi.it\/website\/wp-json\/wp\/v2\/media?parent=100641"}],"wp:term":[{"taxonomy":"category","embeddable":true,"href":"https:\/\/www.messinaoggi.it\/website\/wp-json\/wp\/v2\/categories?post=100641"},{"taxonomy":"post_tag","embeddable":true,"href":"https:\/\/www.messinaoggi.it\/website\/wp-json\/wp\/v2\/tags?post=100641"}],"curies":[{"name":"wp","href":"https:\/\/api.w.org\/{rel}","templated":true}]}}