{"id":100494,"date":"2022-03-12T09:07:34","date_gmt":"2022-03-12T08:07:34","guid":{"rendered":"https:\/\/www.messinaoggi.it\/website\/2022\/03\/12\/covid-salmassi-piu-contagi-per-effetto-minori-restrizioni\/"},"modified":"2022-03-12T22:02:34","modified_gmt":"2022-03-12T21:02:34","slug":"covid-salmassi-piu-contagi-per-effetto-minori-restrizioni","status":"publish","type":"post","link":"https:\/\/www.messinaoggi.it\/website\/2022\/03\/12\/covid-salmassi-piu-contagi-per-effetto-minori-restrizioni\/","title":{"rendered":"Covid, Salmassi \u201cPi\u00f9 contagi per effetto minori restrizioni\u201d"},"content":{"rendered":"<div>ROMA (ITALPRESS) &#8211; &#8220;Il 13 febbraio i nuovi positivi erano solo 22 mila circa e anche la nostra associazione Aie aveva ritenuto plausibile un&#8217;evoluzione di rapido declino dell&#8217;incidenza con una riduzione del 30% di nuovi casi ogni settimana. Invece nei giorni successivi si \u00e8 avuto un incremento e l&#8217;8 marzo siamo arrivati a quota 60 mila\u00bb. E&#8217; l&#8217;analisi al Corriere della Sera di<br \/>\nStefania Salmaso, Associazione italiana di epidemiologia.<br \/>\n&#8220;Accelerazione imprevista? Purtroppo \u00e8 cos\u00ec. Ora l&#8217;incidenza \u00e8 di 500 casi settimanali su 100 mila abitanti, potremmo raggiungere i 600 gi\u00e0 dal 14 marzo. L&#8217;aumento \u00e8 presente in tutte le Regioni, in alcune \u00e8 particolarmente significativo. Oggi in Italia ci sono almeno 970 mila persone cui \u00e8 stata accertata l&#8217;infezione e sono contagiose. L&#8217;allentamento di molte misure restrittive e dei comportamenti individuali certamente ha avuto un ruolo determinante nell&#8217;inversione di tendenza. Bambini e ragazzi, specie tra 6 e 10 anni, sono stati particolarmente colpiti nella prima met\u00e0 di febbraio, poi il numero \u00e8 rapidamente sceso. Tra gli adulti invece il declino \u00e8 stato meno rapido\u00bb.<br \/>\n\u00abIl Covid rester\u00e0 a lungo con noi e non \u00e8 scontato che sar\u00e0 stagionale. Ricordiamo che in Sud Africa la variante Omicron \u00e8 emersa in estate. Abbiamo per\u00f2 sempre pi\u00f9 strumenti per curare la malattia e ormai gran parte della popolazione, grazie soprattutto ai vaccini, ha sviluppato almeno una parziale immunit\u00e0 che ci far\u00e0 uscire dalla fase pandemica\u00bb conclude.<br \/>\n(ITALPRESS).<\/div>\n<div id=\"div-gpt-ad-Messinaoggi.it-DSK-300x250-corpoart\" style=\"text-align:center;margin:0 auto;\"><\/div><\/p><div id=\"videoincontent\" style=\"clear:both\";><\/div>","protected":false},"excerpt":{"rendered":"<p>ROMA (ITALPRESS) &#8211; &#8220;Il 13 febbraio i nuovi positivi erano solo 22 mila circa e anche la nostra associazione Aie aveva ritenuto plausibile un&#8217;evoluzione di rapido declino dell&#8217;incidenza con una riduzione del 30% di nuovi casi ogni settimana. Invece nei giorni successivi si \u00e8 avuto un incremento e l&#8217;8 marzo siamo arrivati a quota 60 [&hellip;]<\/p>\n","protected":false},"author":18,"featured_media":100495,"comment_status":"closed","ping_status":"closed","sticky":false,"template":"","format":"standard","meta":{"ub_ctt_via":"","_mi_skip_tracking":false},"categories":[221,446],"tags":[783],"featured_image_src":"https:\/\/www.messinaoggi.it\/website\/wp-content\/uploads\/2022\/03\/20220312_0086.jpg","author_info":{"display_name":"Admin","author_link":"https:\/\/www.messinaoggi.it\/website\/author\/admin\/"},"digistream_id":0,"digistream":false,"_links":{"self":[{"href":"https:\/\/www.messinaoggi.it\/website\/wp-json\/wp\/v2\/posts\/100494"}],"collection":[{"href":"https:\/\/www.messinaoggi.it\/website\/wp-json\/wp\/v2\/posts"}],"about":[{"href":"https:\/\/www.messinaoggi.it\/website\/wp-json\/wp\/v2\/types\/post"}],"author":[{"embeddable":true,"href":"https:\/\/www.messinaoggi.it\/website\/wp-json\/wp\/v2\/users\/18"}],"replies":[{"embeddable":true,"href":"https:\/\/www.messinaoggi.it\/website\/wp-json\/wp\/v2\/comments?post=100494"}],"version-history":[{"count":1,"href":"https:\/\/www.messinaoggi.it\/website\/wp-json\/wp\/v2\/posts\/100494\/revisions"}],"predecessor-version":[{"id":100565,"href":"https:\/\/www.messinaoggi.it\/website\/wp-json\/wp\/v2\/posts\/100494\/revisions\/100565"}],"wp:featuredmedia":[{"embeddable":true,"href":"https:\/\/www.messinaoggi.it\/website\/wp-json\/wp\/v2\/media\/100495"}],"wp:attachment":[{"href":"https:\/\/www.messinaoggi.it\/website\/wp-json\/wp\/v2\/media?parent=100494"}],"wp:term":[{"taxonomy":"category","embeddable":true,"href":"https:\/\/www.messinaoggi.it\/website\/wp-json\/wp\/v2\/categories?post=100494"},{"taxonomy":"post_tag","embeddable":true,"href":"https:\/\/www.messinaoggi.it\/website\/wp-json\/wp\/v2\/tags?post=100494"}],"curies":[{"name":"wp","href":"https:\/\/api.w.org\/{rel}","templated":true}]}}